{"id":216308,"date":"2023-04-28T15:22:01","date_gmt":"2023-04-28T14:22:01","guid":{"rendered":"http:\/\/www.fleurus-athletisme.be\/Fleu\/?p=216308"},"modified":"2023-12-03T17:12:16","modified_gmt":"2023-12-03T16:12:16","slug":"championnats-du-hainaut-2","status":"publish","type":"post","link":"https:\/\/www.fleurus-athletisme.be\/Fleu\/2023\/04\/28\/championnats-du-hainaut-2\/","title":{"rendered":"Championnats du Hainaut"},"content":{"rendered":"<pre>Que de beaux championnats provinciaux pour ouvrir la saison de la majorit\u00e9 de nos athl\u00e8tes. Malgr\u00e9 des conditions climatiques difficiles et de longs retards, les trente athl\u00e8tes ont gard\u00e9 le sourire et la motivation tout au long de la journ\u00e9e. Le club ram\u00e8ne 12 m\u00e9dailles de ces championnats du Hainaut.<\/pre>\n<p>&nbsp;<\/p>\n<h5>Cadet\/tes<\/h5>\n<p><strong>No\u00e9mie Somville<\/strong> remporte le 80m haies en 12.61. Dans la m\u00eame s\u00e9rie, <strong>Valentine Schietecatte<\/strong> courait pour la premi\u00e8re fois sur la distance. Malgr\u00e9 une belle chute sur la derni\u00e8re haie, elle se rel\u00e8ve et franchit la ligne en 17.19. Un bel exemple\u00a0! <strong>No\u00e9mie<\/strong> prend ensuite l\u2019argent sur le 200m dans un temps de 28.61. Tandis que <strong>Valentine<\/strong> a couru en 31.02.<strong> Victoria Pradal<\/strong> court une seconde et demi plus rapidement qu\u2019en int\u00e9rieur et coupe la ligne en 29.44.<\/p>\n<p>Sur 100m, <strong>Sofia Atudosiei<\/strong> a brav\u00e9 la pluie pour franchir la ligne en 17.12. Au saut en hauteur, elle n\u2019arrive pas \u00e0 passer la moindre barre. C\u2019\u00e9tait sa toute premi\u00e8re comp\u00e9tition. Dans le m\u00eame concours, <strong>Chlo\u00e9 Chevalier<\/strong> passe 1m15 au troisi\u00e8me essai avant d\u2019\u00e9chouer \u00e0 1m20. <strong>Chlo\u00e9<\/strong> r\u00e9alise auparavant un superbe concours en longueur et s\u2019approche des 4m. Son meilleur essai a \u00e9t\u00e9 mesur\u00e9 \u00e0 3m94. <strong>Eva Coquelet<\/strong> retombe dans le bac \u00e0 sable \u00e0 3m57. Ensuite, elle propulse son javelot \u00e0 11m73. Elle assure apr\u00e8s avoir fait deux lancers non mesurables.<\/p>\n<p><a href=\"http:\/\/www.fleurus-athletisme.be\/Fleu\/wp-content\/uploads\/2023\/04\/DSC05344-scaled.jpg\"><img decoding=\"async\" class=\"alignnone size-thumbnail wp-image-216326\" src=\"http:\/\/www.fleurus-athletisme.be\/Fleu\/wp-content\/uploads\/2023\/04\/DSC05344-160x160.jpg\" alt=\"\" width=\"160\" height=\"160\" \/><\/a> <a href=\"http:\/\/www.fleurus-athletisme.be\/Fleu\/wp-content\/uploads\/2023\/04\/DSC05386-scaled.jpg\"><img decoding=\"async\" class=\"alignnone size-thumbnail wp-image-216327\" src=\"http:\/\/www.fleurus-athletisme.be\/Fleu\/wp-content\/uploads\/2023\/04\/DSC05386-160x160.jpg\" alt=\"\" width=\"160\" height=\"160\" \/><\/a> <a href=\"http:\/\/www.fleurus-athletisme.be\/Fleu\/wp-content\/uploads\/2023\/04\/DSC05424-scaled.jpg\"><img decoding=\"async\" class=\"alignnone size-thumbnail wp-image-216328\" src=\"http:\/\/www.fleurus-athletisme.be\/Fleu\/wp-content\/uploads\/2023\/04\/DSC05424-160x160.jpg\" alt=\"\" width=\"160\" height=\"160\" \/><\/a> <a href=\"http:\/\/www.fleurus-athletisme.be\/Fleu\/wp-content\/uploads\/2023\/04\/DSC05492-scaled.jpg\"><img loading=\"lazy\" decoding=\"async\" class=\"alignnone size-thumbnail wp-image-216329\" src=\"http:\/\/www.fleurus-athletisme.be\/Fleu\/wp-content\/uploads\/2023\/04\/DSC05492-160x160.jpg\" alt=\"\" width=\"160\" height=\"160\" \/><\/a> <a href=\"http:\/\/www.fleurus-athletisme.be\/Fleu\/wp-content\/uploads\/2023\/04\/DSC05569-scaled.jpg\"><img loading=\"lazy\" decoding=\"async\" class=\"alignnone size-thumbnail wp-image-216330\" src=\"http:\/\/www.fleurus-athletisme.be\/Fleu\/wp-content\/uploads\/2023\/04\/DSC05569-160x160.jpg\" alt=\"\" width=\"160\" height=\"160\" \/><\/a> <a href=\"http:\/\/www.fleurus-athletisme.be\/Fleu\/wp-content\/uploads\/2023\/04\/DSC05572-scaled.jpg\"><img loading=\"lazy\" decoding=\"async\" class=\"alignnone size-thumbnail wp-image-216331\" src=\"http:\/\/www.fleurus-athletisme.be\/Fleu\/wp-content\/uploads\/2023\/04\/DSC05572-160x160.jpg\" alt=\"\" width=\"160\" height=\"160\" \/><\/a> <a href=\"http:\/\/www.fleurus-athletisme.be\/Fleu\/wp-content\/uploads\/2023\/04\/DSC05599-scaled.jpg\"><img loading=\"lazy\" decoding=\"async\" class=\"alignnone size-thumbnail wp-image-216332\" src=\"http:\/\/www.fleurus-athletisme.be\/Fleu\/wp-content\/uploads\/2023\/04\/DSC05599-160x160.jpg\" alt=\"\" width=\"160\" height=\"160\" \/><\/a><\/p>\n<p>2<sup>e<\/sup> titre chez les cadets pour <strong>Diego Somaschini<\/strong>. Apr\u00e8s son titre en indoor, il renouvelle une belle performance apr\u00e8s avoir men\u00e9 la course de bout en bout. Le chrono : 2 :08.25 (minima pour les championnats de Belgique). Sur 200m, <strong>Mathys Macaigne<\/strong> am\u00e9liore son record d\u2019une demi-seconde en 27.55.<\/p>\n<h5>Scolaires<\/h5>\n<p>Premi\u00e8re discipline de la journ\u00e9e, le 100m. Dans des conditions ex\u00e9crables,\u00a0<strong>Lisa Martin-Launoy<\/strong> court en 14.30 n&rsquo;est qu&rsquo;\u00e0 5 centi\u00e8mes de son record.\u00a0<strong>Tess Frankinet<\/strong> r\u00e9alise 15.40. Ensuite,\u00a0<strong>Margot Somville<\/strong> \u00e9tait align\u00e9e sur 100m haies. Avec son chrono de 17.77, en ayant touch\u00e9 la derni\u00e8re haie, elle r\u00e9alise les minima pour les championnats de Belgique. Toujours en sprint,\u00a0<strong>Margot<\/strong> s&rsquo;est montr\u00e9e la plus rapide sur le demi tour de piste en 29.04.\u00a0<strong>Lisa<\/strong> am\u00e9liore son record en 29.61. Pour son premier 200m,\u00a0<strong>Janna Van Kerckhoven<\/strong> le boucle en 31.41. Avec un vent d\u00e9favorable pour les trois filles.\u00a0<strong>Oumy Leonard<\/strong> et\u00a0<strong>Juliette Ballard<\/strong> se sont envol\u00e9es sur 400m et ont battu toutes les deux leur record personnel.\u00a0<strong>Oumy<\/strong> monte sur la troisi\u00e8me marche du podium en 1:03.80. Tandis que\u00a0<strong>Juliette<\/strong> r\u00e9alise un joli 1:04.70. Sur le double tour de piste,\u00a0<strong>Coline Chevalier<\/strong> \u00e9tait en feu et bat son record de plus de sept secondes ! Nouvelle marque \u00e0 2:41.31.\u00a0<strong>Elsa Chintinne<\/strong> s&rsquo;essayait quant \u00e0 elle au 1500m. Elle termine 4e en 5:57.23.<\/p>\n<p><a href=\"http:\/\/www.fleurus-athletisme.be\/Fleu\/wp-content\/uploads\/2023\/04\/DSC05770-scaled.jpg\"><img loading=\"lazy\" decoding=\"async\" class=\"alignnone size-thumbnail wp-image-216333\" src=\"http:\/\/www.fleurus-athletisme.be\/Fleu\/wp-content\/uploads\/2023\/04\/DSC05770-160x160.jpg\" alt=\"\" width=\"160\" height=\"160\" \/><\/a> \u00a0 \u00a0 <a href=\"http:\/\/www.fleurus-athletisme.be\/Fleu\/wp-content\/uploads\/2023\/04\/DSC05641-scaled.jpg\"><img loading=\"lazy\" decoding=\"async\" class=\"alignnone size-thumbnail wp-image-216339\" src=\"http:\/\/www.fleurus-athletisme.be\/Fleu\/wp-content\/uploads\/2023\/04\/DSC05641-160x160.jpg\" alt=\"\" width=\"160\" height=\"160\" \/><\/a> \u00a0<a href=\"http:\/\/www.fleurus-athletisme.be\/Fleu\/wp-content\/uploads\/2023\/04\/DSC05577-scaled.jpg\"><img loading=\"lazy\" decoding=\"async\" class=\"alignnone size-thumbnail wp-image-216342\" src=\"http:\/\/www.fleurus-athletisme.be\/Fleu\/wp-content\/uploads\/2023\/04\/DSC05577-160x160.jpg\" alt=\"\" width=\"160\" height=\"160\" \/><\/a> \u00a0 \u00a0<a href=\"http:\/\/www.fleurus-athletisme.be\/Fleu\/wp-content\/uploads\/2023\/04\/DSC05354-scaled.jpg\"><img loading=\"lazy\" decoding=\"async\" class=\"alignnone size-thumbnail wp-image-216349\" src=\"http:\/\/www.fleurus-athletisme.be\/Fleu\/wp-content\/uploads\/2023\/04\/DSC05354-160x160.jpg\" alt=\"\" width=\"160\" height=\"160\" \/><\/a> <a href=\"http:\/\/www.fleurus-athletisme.be\/Fleu\/wp-content\/uploads\/2023\/04\/DSC05350-scaled.jpg\"><img loading=\"lazy\" decoding=\"async\" class=\"alignnone size-thumbnail wp-image-216350\" src=\"http:\/\/www.fleurus-athletisme.be\/Fleu\/wp-content\/uploads\/2023\/04\/DSC05350-160x160.jpg\" alt=\"\" width=\"160\" height=\"160\" \/><\/a><\/p>\n<p><strong>Lou Desmedt<\/strong> \u00e9tait pr\u00e9sente dans les concours de longueur et lancer du javelot. Elle retombe \u00e0 3m78 dans le bac \u00e0 sable. Son javelot s&rsquo;envole ensuite \u00e0 20m76, nouveau record personnel.<\/p>\n<p>Du c\u00f4t\u00e9 des gar\u00e7ons,\u00a0<strong>Louis Verroken<\/strong> a couru son premier 100m en 12.19. La performance \u00e0 retenir est sa m\u00e9daille de bronze sur 200m en 24.69 ! Sur 800m,\u00a0<strong>Baptiste Da Re<\/strong> a couru en 2:32.63. <strong>F\u00e9lix Anciaux<\/strong> \u00e9tait pr\u00e9sent dans les concours de disque et javelot. Il r\u00e9alise respectivement 20m51 et 24m27.<\/p>\n<h5><a href=\"http:\/\/www.fleurus-athletisme.be\/Fleu\/wp-content\/uploads\/2023\/04\/DSC05502-scaled.jpg\"><img loading=\"lazy\" decoding=\"async\" class=\"alignnone size-thumbnail wp-image-216345\" src=\"http:\/\/www.fleurus-athletisme.be\/Fleu\/wp-content\/uploads\/2023\/04\/DSC05502-160x160.jpg\" alt=\"\" width=\"160\" height=\"160\" \/> <\/a><a href=\"http:\/\/www.fleurus-athletisme.be\/Fleu\/wp-content\/uploads\/2023\/04\/DSC05457-scaled.jpg\"><img loading=\"lazy\" decoding=\"async\" class=\"alignnone size-thumbnail wp-image-216347\" src=\"http:\/\/www.fleurus-athletisme.be\/Fleu\/wp-content\/uploads\/2023\/04\/DSC05457-160x160.jpg\" alt=\"\" width=\"160\" height=\"160\" \/> <\/a><a href=\"http:\/\/www.fleurus-athletisme.be\/Fleu\/wp-content\/uploads\/2023\/04\/DSC05749-scaled.jpg\">\u00a0<\/a><a href=\"http:\/\/www.fleurus-athletisme.be\/Fleu\/wp-content\/uploads\/2023\/04\/DSC05845-scaled.jpg\"><img loading=\"lazy\" decoding=\"async\" class=\"alignnone size-thumbnail wp-image-216334\" src=\"http:\/\/www.fleurus-athletisme.be\/Fleu\/wp-content\/uploads\/2023\/04\/DSC05845-160x160.jpg\" alt=\"\" width=\"160\" height=\"160\" \/>\u00a0<\/a><a href=\"http:\/\/www.fleurus-athletisme.be\/Fleu\/wp-content\/uploads\/2023\/04\/DSC05592-scaled.jpg\"><img loading=\"lazy\" decoding=\"async\" class=\"alignnone size-thumbnail wp-image-216340\" src=\"http:\/\/www.fleurus-athletisme.be\/Fleu\/wp-content\/uploads\/2023\/04\/DSC05592-160x160.jpg\" alt=\"\" width=\"160\" height=\"160\" \/><\/a><\/h5>\n<h5>Junior\/es<\/h5>\n<p>Au saut en longueur,\u00a0<strong>Laure Thys<\/strong> r\u00e9alise 4m25. Un saut qui lui permet de devenir championne du Hainaut dans sa cat\u00e9gorie.<\/p>\n<p>On retourne en sprint avec\u00a0<strong>Thibaut Bogaerts\u00a0<\/strong>et\u00a0<strong>Louis Garcia<\/strong>, tous deux align\u00e9s sur 100m et 200m.\u00a0<strong>Louis<\/strong> franchit la ligne d&rsquo;arriv\u00e9e en 11.96 et\u00a0<strong>Thibaut\u00a0<\/strong>en 12.46. Apr\u00e8s de longues heures d&rsquo;attente, ils sont pr\u00eats pour leur 200m.\u00a0<strong>Louis<\/strong> \u00e9gale son record en 24.75.\u00a0<strong>Thibaut\u00a0<\/strong>termine juste derri\u00e8re en 25.21. Toujours dans les courses,\u00a0<strong>Ma\u00ebl Albertuccio<\/strong> et\u00a0<strong>Noah Delatte<\/strong> \u00e9taient sur la ligne de d\u00e9part du 800m.\u00a0Comme l&rsquo;ann\u00e9e pass\u00e9e,\u00a0<strong>Noah\u00a0<\/strong>monte sur la seconde marche du podium en 2:17.14 (record personnel). <strong>Ma\u00ebl<\/strong> termine 4e en 2:20.50. <strong>Ma\u00ebl<\/strong> d\u00e9croche l&rsquo;or au javelot avec un meilleur jet mesur\u00e9 \u00e0 27m68. Il franchit une barre \u00e0 1m58 en hauteur.<\/p>\n<p><a href=\"http:\/\/www.fleurus-athletisme.be\/Fleu\/wp-content\/uploads\/2023\/04\/DSC05692-scaled.jpg\"><img loading=\"lazy\" decoding=\"async\" class=\"alignnone size-thumbnail wp-image-216335\" src=\"http:\/\/www.fleurus-athletisme.be\/Fleu\/wp-content\/uploads\/2023\/04\/DSC05692-160x160.jpg\" alt=\"\" width=\"160\" height=\"160\" \/> <\/a><a href=\"http:\/\/www.fleurus-athletisme.be\/Fleu\/wp-content\/uploads\/2023\/04\/DSC05731-scaled.jpg\"><img loading=\"lazy\" decoding=\"async\" class=\"alignnone size-thumbnail wp-image-216337\" src=\"http:\/\/www.fleurus-athletisme.be\/Fleu\/wp-content\/uploads\/2023\/04\/DSC05731-160x160.jpg\" alt=\"\" width=\"160\" height=\"160\" \/><\/a> <a href=\"http:\/\/www.fleurus-athletisme.be\/Fleu\/wp-content\/uploads\/2023\/04\/DSC05788-scaled.jpg\"><img loading=\"lazy\" decoding=\"async\" class=\"alignnone size-thumbnail wp-image-216351\" src=\"http:\/\/www.fleurus-athletisme.be\/Fleu\/wp-content\/uploads\/2023\/04\/DSC05788-160x160.jpg\" alt=\"\" width=\"160\" height=\"160\" \/> <\/a><a href=\"http:\/\/www.fleurus-athletisme.be\/Fleu\/wp-content\/uploads\/2023\/04\/DSC05598-scaled.jpg\"><img loading=\"lazy\" decoding=\"async\" class=\"alignnone size-thumbnail wp-image-216341\" src=\"http:\/\/www.fleurus-athletisme.be\/Fleu\/wp-content\/uploads\/2023\/04\/DSC05598-160x160.jpg\" alt=\"\" width=\"160\" height=\"160\" \/><\/a><\/p>\n<h5>Senior\/es<\/h5>\n<p><strong>Ana\u00eblle Anciaux<\/strong> d\u00e9croche le bronze sur 100m haies en 21.70. C&rsquo;est aussi en bronze qu&rsquo;est la breloque de\u00a0<strong>Coline Balteau\u00a0<\/strong>sur le double tour de piste (2:39.37). Au lancer du disque,\u00a0<strong>Ana\u00eblle\u00a0<\/strong>lance son engin de 1kg \u00e0 19m55. Elle lancera ensuite le poids \u00e0 6m24.<\/p>\n<p>Sur 100m, <strong>Mathieu Lambert<\/strong> franchit la ligne en 13.84. <strong>Alix Albertuccio<\/strong> termine 6e du 800m en 2:01.67. Il d\u00e9croche le titre en javelot avec un lancer \u00e0 43m91.<\/p>\n<p><a href=\"http:\/\/www.fleurus-athletisme.be\/Fleu\/wp-content\/uploads\/2023\/04\/DSC05392-scaled.jpg\"><img loading=\"lazy\" decoding=\"async\" class=\"alignnone size-thumbnail wp-image-216348\" src=\"http:\/\/www.fleurus-athletisme.be\/Fleu\/wp-content\/uploads\/2023\/04\/DSC05392-160x160.jpg\" alt=\"\" width=\"160\" height=\"160\" \/><\/a><a href=\"http:\/\/www.fleurus-athletisme.be\/Fleu\/wp-content\/uploads\/2023\/04\/DSC05530-scaled.jpg\"> <img loading=\"lazy\" decoding=\"async\" class=\"alignnone size-thumbnail wp-image-216344\" src=\"http:\/\/www.fleurus-athletisme.be\/Fleu\/wp-content\/uploads\/2023\/04\/DSC05530-160x160.jpg\" alt=\"\" width=\"160\" height=\"160\" \/><\/a> <a href=\"http:\/\/www.fleurus-athletisme.be\/Fleu\/wp-content\/uploads\/2023\/04\/DSC05544-scaled.jpg\"><img loading=\"lazy\" decoding=\"async\" class=\"alignnone size-thumbnail wp-image-216343\" src=\"http:\/\/www.fleurus-athletisme.be\/Fleu\/wp-content\/uploads\/2023\/04\/DSC05544-160x160.jpg\" alt=\"\" width=\"160\" height=\"160\" \/><\/a> <a href=\"http:\/\/www.fleurus-athletisme.be\/Fleu\/wp-content\/uploads\/2023\/04\/DSC05749-scaled.jpg\"><img loading=\"lazy\" decoding=\"async\" class=\"alignnone size-thumbnail wp-image-216338\" src=\"http:\/\/www.fleurus-athletisme.be\/Fleu\/wp-content\/uploads\/2023\/04\/DSC05749-160x160.jpg\" alt=\"\" width=\"160\" height=\"160\" \/><\/a> <a href=\"http:\/\/www.fleurus-athletisme.be\/Fleu\/wp-content\/uploads\/2023\/04\/DSC05468-scaled.jpg\"><img loading=\"lazy\" decoding=\"async\" class=\"alignnone size-thumbnail wp-image-216346\" src=\"http:\/\/www.fleurus-athletisme.be\/Fleu\/wp-content\/uploads\/2023\/04\/DSC05468-160x160.jpg\" alt=\"\" width=\"160\" height=\"160\" \/><\/a> <a href=\"http:\/\/www.fleurus-athletisme.be\/Fleu\/wp-content\/uploads\/2023\/04\/DSC05668-scaled.jpg\"><img loading=\"lazy\" decoding=\"async\" class=\"alignnone size-thumbnail wp-image-216352\" src=\"http:\/\/www.fleurus-athletisme.be\/Fleu\/wp-content\/uploads\/2023\/04\/DSC05668-160x160.jpg\" alt=\"\" width=\"160\" height=\"160\" \/><\/a><\/p>\n<h5>Master<\/h5>\n<p>Nouvelle m\u00e9daille pour\u00a0<strong>Lucien Theys<\/strong> en championnat. Il termine 3e master (tout \u00e2ge confondu) sur 800m en 2:24.61.<\/p>\n<h5><a href=\"http:\/\/www.fleurus-athletisme.be\/Fleu\/wp-content\/uploads\/2023\/04\/DSC05722-scaled.jpg\"><img loading=\"lazy\" decoding=\"async\" class=\"alignnone size-thumbnail wp-image-216336\" src=\"http:\/\/www.fleurus-athletisme.be\/Fleu\/wp-content\/uploads\/2023\/04\/DSC05722-160x160.jpg\" alt=\"\" width=\"160\" height=\"160\" \/><\/a><\/h5>\n<h5>Relais<\/h5>\n<p>Pour conclure la journ\u00e9e en beaut\u00e9, nous avions 4 relais en piste. Rappelons nous qu&rsquo;en indoor, sur nos 5 relais, deux avaient \u00e9t\u00e9 disqualifi\u00e9s et un contraint \u00e0 l&rsquo;abandon. Cette fois-ci, c&rsquo;est du 100% !!<\/p>\n<p>Chez les filles, nous avions un relais que de cadettes avec\u00a0<strong>Valentine Schietecatte\u00a0<\/strong>dans les starting block, suivie de\u00a0<strong>Victoria Pradal<\/strong>,\u00a0<strong>Chlo\u00e9 Chevalier<\/strong> et\u00a0<strong>No\u00e9mie Somville\u00a0<\/strong>qui franchit la ligne en 55.86. Au classement, elles terminent juste derri\u00e8re les scolaires qui ont couru en 55.62. Ce second relais \u00e9tait compos\u00e9 de <strong>Lisa Martin-Launoy, Juliette Ballard, Margot Somville\u00a0<\/strong>et\u00a0<strong>Oumy Leonard.<\/strong> Dernier relais f\u00e9minin,\u00a0<strong>Coline Balteau<\/strong>,\u00a0<strong>Tess Frankinet, Janna Van Kerckhoven<\/strong> et\u00a0<strong>Lou Desmedt<\/strong> r\u00e9alise 58.35.<\/p>\n<p>Du c\u00f4t\u00e9 des gar\u00e7ons,\u00a0<strong>Thibaut Bogaerts<\/strong>,\u00a0<strong>Louis Verroken, Ma\u00ebl Albertuccio<\/strong> et\u00a0<strong>Louis Garcia<\/strong> boucle le tour de piste en 48.10.<\/p>\n<p><a href=\"http:\/\/www.fleurus-athletisme.be\/Fleu\/wp-content\/uploads\/2023\/04\/DSC05878-scaled.jpg\"><img loading=\"lazy\" decoding=\"async\" class=\"alignnone size-thumbnail wp-image-216322\" src=\"http:\/\/www.fleurus-athletisme.be\/Fleu\/wp-content\/uploads\/2023\/04\/DSC05878-160x160.jpg\" alt=\"\" width=\"160\" height=\"160\" \/><\/a> <a href=\"http:\/\/www.fleurus-athletisme.be\/Fleu\/wp-content\/uploads\/2023\/04\/DSC05896-scaled.jpg\"><img loading=\"lazy\" decoding=\"async\" class=\"alignnone size-thumbnail wp-image-216323\" src=\"http:\/\/www.fleurus-athletisme.be\/Fleu\/wp-content\/uploads\/2023\/04\/DSC05896-160x160.jpg\" alt=\"\" width=\"160\" height=\"160\" \/><\/a> <a href=\"http:\/\/www.fleurus-athletisme.be\/Fleu\/wp-content\/uploads\/2023\/04\/DSC05908-scaled.jpg\"><img loading=\"lazy\" decoding=\"async\" class=\"alignnone size-thumbnail wp-image-216324\" src=\"http:\/\/www.fleurus-athletisme.be\/Fleu\/wp-content\/uploads\/2023\/04\/DSC05908-160x160.jpg\" alt=\"\" width=\"160\" height=\"160\" \/><\/a> <a href=\"http:\/\/www.fleurus-athletisme.be\/Fleu\/wp-content\/uploads\/2023\/04\/DSC05914-scaled.jpg\"><img loading=\"lazy\" decoding=\"async\" class=\"alignnone size-thumbnail wp-image-216325\" src=\"http:\/\/www.fleurus-athletisme.be\/Fleu\/wp-content\/uploads\/2023\/04\/DSC05914-160x160.jpg\" alt=\"\" width=\"160\" height=\"160\" \/><\/a><\/p>\n<p>&nbsp;<\/p>\n<h4>Trail<\/h4>\n<p><strong>Nathan Lindekens<\/strong> remporte son tout premier trail \u00e0 l&rsquo;abbaye de Floreffe. 1h19:57 lui suffissent pour boucler les 18 kilom\u00e8tres.<\/p>\n<p><strong>Coralie Ketele<\/strong> se testait au trail du Nord du Mont des Flandres. Elle \u00e9tait au d\u00e9part du 13 kilom\u00e8tres qu&rsquo;elle termine en 1h50.<\/p>\n","protected":false},"excerpt":{"rendered":"<p>Que de beaux championnats provinciaux pour ouvrir la saison de la majorit\u00e9 de nos athl\u00e8tes. Malgr\u00e9 des conditions climatiques difficiles et de longs retards, les trente athl\u00e8tes ont gard\u00e9 le sourire et la motivation tout au long de la journ\u00e9e. Le club ram\u00e8ne 12 m\u00e9dailles de ces championnats du Hainaut. &nbsp; Cadet\/tes No\u00e9mie Somville remporte&#8230;<\/p>\n","protected":false},"author":1,"featured_media":216672,"comment_status":"open","ping_status":"open","sticky":false,"template":"","format":"standard","meta":{"footnotes":""},"categories":[21],"tags":[],"class_list":["post-216308","post","type-post","status-publish","format-standard","has-post-thumbnail","hentry","category-championnats"],"_links":{"self":[{"href":"https:\/\/www.fleurus-athletisme.be\/Fleu\/wp-json\/wp\/v2\/posts\/216308","targetHints":{"allow":["GET"]}}],"collection":[{"href":"https:\/\/www.fleurus-athletisme.be\/Fleu\/wp-json\/wp\/v2\/posts"}],"about":[{"href":"https:\/\/www.fleurus-athletisme.be\/Fleu\/wp-json\/wp\/v2\/types\/post"}],"author":[{"embeddable":true,"href":"https:\/\/www.fleurus-athletisme.be\/Fleu\/wp-json\/wp\/v2\/users\/1"}],"replies":[{"embeddable":true,"href":"https:\/\/www.fleurus-athletisme.be\/Fleu\/wp-json\/wp\/v2\/comments?post=216308"}],"version-history":[{"count":1,"href":"https:\/\/www.fleurus-athletisme.be\/Fleu\/wp-json\/wp\/v2\/posts\/216308\/revisions"}],"predecessor-version":[{"id":216673,"href":"https:\/\/www.fleurus-athletisme.be\/Fleu\/wp-json\/wp\/v2\/posts\/216308\/revisions\/216673"}],"wp:featuredmedia":[{"embeddable":true,"href":"https:\/\/www.fleurus-athletisme.be\/Fleu\/wp-json\/wp\/v2\/media\/216672"}],"wp:attachment":[{"href":"https:\/\/www.fleurus-athletisme.be\/Fleu\/wp-json\/wp\/v2\/media?parent=216308"}],"wp:term":[{"taxonomy":"category","embeddable":true,"href":"https:\/\/www.fleurus-athletisme.be\/Fleu\/wp-json\/wp\/v2\/categories?post=216308"},{"taxonomy":"post_tag","embeddable":true,"href":"https:\/\/www.fleurus-athletisme.be\/Fleu\/wp-json\/wp\/v2\/tags?post=216308"}],"curies":[{"name":"wp","href":"https:\/\/api.w.org\/{rel}","templated":true}]}}