{"id":216219,"date":"2023-02-27T16:22:12","date_gmt":"2023-02-27T15:22:12","guid":{"rendered":"http:\/\/www.fleurus-athletisme.be\/Fleu\/?p=216219"},"modified":"2023-12-03T17:13:48","modified_gmt":"2023-12-03T16:13:48","slug":"lucien-champion-de-belgique-master","status":"publish","type":"post","link":"https:\/\/www.fleurus-athletisme.be\/Fleu\/2023\/02\/27\/lucien-champion-de-belgique-master\/","title":{"rendered":"Lucien, champion de Belgique master"},"content":{"rendered":"<pre>Une nouvelle fois, vous \u00e9tiez pr\u00e9sents sur tous les fronts. Championnats de Belgique master en salle, championnats de Belgique de cross, trail et joggings, on ne sait plus o\u00f9 donner de la t\u00eate.<\/pre>\n<p>&nbsp;<\/p>\n<h4>Championnats de Belgique master<\/h4>\n<p>C&rsquo;est la performance du week-end, <strong>Lucien Theys<\/strong> s&rsquo;est adjug\u00e9 l&rsquo;or sur 800m dans sa nouvelle cat\u00e9gorie (M60). Il a boucl\u00e9 les quatre tours de piste du Sporthal \u00e0 Gand dans un chrono de 2:23.88.<\/p>\n<p><a href=\"http:\/\/www.fleurus-athletisme.be\/Fleu\/wp-content\/uploads\/2023\/02\/329490568_887027489296483_7760861758439730849_n.jpeg\"><img decoding=\"async\" class=\"alignnone size-thumbnail wp-image-216221\" src=\"http:\/\/www.fleurus-athletisme.be\/Fleu\/wp-content\/uploads\/2023\/02\/329490568_887027489296483_7760861758439730849_n-160x160.jpeg\" alt=\"\" width=\"160\" height=\"160\" \/><\/a><\/p>\n<p>Le coach de nos demi-fondeurs,<strong> Eric Wozny<\/strong>, a termin\u00e9 \u00e0 une belle sixi\u00e8me place du 1500m chez les M55.<\/p>\n<p>&nbsp;<\/p>\n<h4>Championnats de Belgique de cross \/ Cross Cup Bruxelles<\/h4>\n<p>A quelques mois des championnats d&rsquo;Europe de cross qui prendront quartier dans le parc de Laeken, c&rsquo;\u00e9tait une r\u00e9p\u00e9tition g\u00e9n\u00e9rale dimanche pour les organisateurs.\u00a0<strong>Thalia Josis<\/strong> avait 1500m \u00e0 parcourir chez les minimes tandis que <strong>Gilles Marchal<\/strong> \u00e9tait pr\u00e9sent sur le cross long avec 6 boucles de 1,5 kilom\u00e8tres \u00e0 effectuer.<\/p>\n<p>&nbsp;<\/p>\n<h4>Trail<\/h4>\n<p>Il y a tout juste une semaine,\u00a0<strong>Andr\u00e9 Lindekens<\/strong> avait abandonn\u00e9 le Legends Trail. Notre coach qui ne manque pas de d\u00e9fi, avait d\u00e9cid\u00e9 de prendre le d\u00e9part du Trail nocturne de la Sib\u00e9rie. C&rsquo;est un challenge r\u00e9ussi car il est arriv\u00e9 au bout des 100 kilom\u00e8tres.<\/p>\n<p><a href=\"http:\/\/www.fleurus-athletisme.be\/Fleu\/wp-content\/uploads\/2023\/02\/333373662_1587883731719943_4684096967298183153_n.jpeg\"><img decoding=\"async\" class=\"alignnone size-thumbnail wp-image-216222\" src=\"http:\/\/www.fleurus-athletisme.be\/Fleu\/wp-content\/uploads\/2023\/02\/333373662_1587883731719943_4684096967298183153_n-160x160.jpeg\" alt=\"\" width=\"160\" height=\"160\" \/><\/a><\/p>\n<h4><\/h4>\n<h4>Joggings<\/h4>\n<p>&nbsp;<\/p>\n<h5>10 kilom\u00e8tres de Givet<\/h5>\n<p><strong>Nathan Lindekens<\/strong> et <strong>Renan Gossiaux<\/strong> avaient d\u00e9cid\u00e9 de traverser la fronti\u00e8re pour quelques heures. Ils \u00e9taient tous les deux pr\u00e9sents au 10 kilom\u00e8tres de Givet, en France. \u00ab\u00a0<em>Un r\u00e9sultat inesp\u00e9r\u00e9<\/em>\u00ab\u00a0, ce sont les mots de Nathan apr\u00e8s son arriv\u00e9e \u00e0 la douzi\u00e8me place mais surtout dans un temps de 32&rsquo;32. Renan ne termine pas tr\u00e8s loin de son partenaire en 33&rsquo;01 (18e place). Les deux coll\u00e8gues et amis battent tous les deux leur record personnel.<\/p>\n<p>&nbsp;<\/p>\n<h5>La Portelette &#8211; Lobbes<\/h5>\n<p>Deux distances au programme. Sur 5,8kms, <strong>Marinne Denayer<\/strong> termine 21e dans la cat\u00e9gorie DA et <strong>Vincent Denayer<\/strong>, 10e V2. Ils finissent tous les deux en 36:08.<\/p>\n<p><a href=\"http:\/\/www.fleurus-athletisme.be\/Fleu\/wp-content\/uploads\/2023\/02\/DSC_0957.jpeg\"><img decoding=\"async\" class=\"alignnone wp-image-216238 size-thumbnail\" src=\"http:\/\/www.fleurus-athletisme.be\/Fleu\/wp-content\/uploads\/2023\/02\/DSC_0957-160x160.jpeg\" alt=\"\" width=\"160\" height=\"160\" \/>\u00a0<\/a><\/p>\n<p>Pour les adeptes du plus long, La Portelette proposait un 13 kilom\u00e8tres. Vous \u00e9tiez 8 au d\u00e9part avec deux premi\u00e8res places ! <strong>Paul Cado<\/strong> termine premier en V3 (54:37) et <strong>Jacqueline Cornet<\/strong> en A5 (1h09:06). Nous avions \u00e9galement <strong>Dominic Bertin<\/strong> (59:16),\u00a0<strong>Jean-Benoit Michel<\/strong> (59:48),<strong> Michael Paquet<\/strong> (1h05:17), <strong>Pierre Cochin<\/strong> (1h07:28),\u00a0<strong>Carole Demeulemeester<\/strong> (1h08:07) et <strong>St<\/strong><strong>\u00e9phanie Debelle<\/strong> (1h10:10).<\/p>\n<p><a href=\"http:\/\/www.fleurus-athletisme.be\/Fleu\/wp-content\/uploads\/2023\/02\/DSC_0707.jpeg\"><img loading=\"lazy\" decoding=\"async\" class=\"alignnone size-thumbnail wp-image-216239\" src=\"http:\/\/www.fleurus-athletisme.be\/Fleu\/wp-content\/uploads\/2023\/02\/DSC_0707-160x160.jpeg\" alt=\"\" width=\"160\" height=\"160\" \/><\/a> <a href=\"http:\/\/www.fleurus-athletisme.be\/Fleu\/wp-content\/uploads\/2023\/02\/DSC_0691.jpeg\"><img loading=\"lazy\" decoding=\"async\" class=\"alignnone size-thumbnail wp-image-216240\" src=\"http:\/\/www.fleurus-athletisme.be\/Fleu\/wp-content\/uploads\/2023\/02\/DSC_0691-160x160.jpeg\" alt=\"\" width=\"160\" height=\"160\" \/><\/a> <a href=\"http:\/\/www.fleurus-athletisme.be\/Fleu\/wp-content\/uploads\/2023\/02\/DSC_0050.jpeg\"><img loading=\"lazy\" decoding=\"async\" class=\"alignnone size-thumbnail wp-image-216241\" src=\"http:\/\/www.fleurus-athletisme.be\/Fleu\/wp-content\/uploads\/2023\/02\/DSC_0050-160x160.jpeg\" alt=\"\" width=\"160\" height=\"160\" \/><\/a> <a href=\"http:\/\/www.fleurus-athletisme.be\/Fleu\/wp-content\/uploads\/2023\/02\/DSC_0143.jpeg\"><img loading=\"lazy\" decoding=\"async\" class=\"alignnone size-thumbnail wp-image-216242\" src=\"http:\/\/www.fleurus-athletisme.be\/Fleu\/wp-content\/uploads\/2023\/02\/DSC_0143-160x160.jpeg\" alt=\"\" width=\"160\" height=\"160\" \/> <\/a><a href=\"http:\/\/www.fleurus-athletisme.be\/Fleu\/wp-content\/uploads\/2023\/02\/333854323_867529494324689_7010091145660349266_n.jpeg\"><img loading=\"lazy\" decoding=\"async\" class=\"alignnone size-thumbnail wp-image-216248\" src=\"http:\/\/www.fleurus-athletisme.be\/Fleu\/wp-content\/uploads\/2023\/02\/333854323_867529494324689_7010091145660349266_n-160x160.jpeg\" alt=\"\" width=\"160\" height=\"160\" \/><\/a><\/p>\n<p>&nbsp;<\/p>\n<h5>La Sebastian &#8211; Vedrin<\/h5>\n<pre>Le challenge Val &amp; Ch\u00e2teaux a repris ses droits avec un premier arr\u00eat \u00e0 Vedrin<\/pre>\n<div class=\"row mb-0 row--dense\">\n<div>Sur les 6 kilom\u00e8tres, ils n&rsquo;\u00e9taient que deux.\u00a0<strong>Jean-Louis Perrone<\/strong> boucle le tour en 27:14 tandis que 32:43 suffisent \u00e0\u00a0<strong>Aur\u00e9lie Herquin\u00a0<\/strong>pour rallier l&rsquo;arriv\u00e9e.<\/div>\n<div><\/div>\n<\/div>\n<div>13,3 kilom\u00e8tres, c&rsquo;est que les douze autres Fleurusiens ont choisi de parcourir. <strong>Gr\u00e9goire Debay<\/strong> s&rsquo;est montr\u00e9 le plus rapide en 52:14 et une sixi\u00e8me place chez les s\u00e9niors. Arriv\u00e9e group\u00e9e ensuite pour <strong>K\u00e9vin Hannard<\/strong> (54:03), <strong>Thomas Tomson<\/strong> (54:05) et <strong>Pascal Kempeneers<\/strong> (54:45). <strong>Fran\u00e7ois P\u00e9risse<\/strong> est au porte du top 10 en V2 avec ses 57:02.\u00a0<strong>Jean-Benoit Michel\u00a0<\/strong>\u00e9tait partout ce week-end. Apr\u00e8s la Portelette samedi, il termine en 1h00:17 dimanche. <strong>Claudy Herquin<\/strong> (1h01:35), <strong>Jean-Marc Papart<\/strong> (1h02:59) et <strong>Michael Paquet<\/strong> (1h08:59), lui aussi pr\u00e9sent \u00e0 Lobbe samedi, concluent le classement chez les hommes du club. Il y avait \u00e9galement trois athl\u00e8tes f\u00e9minines. <strong>Cristine Mestagh<\/strong> termine \u00e0 la 4e place en V4 avec 1h12:48. Le grand retour de <strong>Sandrine Van Immerseel<\/strong> en 1:h17:56 et <strong>Ericka Moelter<\/strong> en finit avec 1h20:14.<\/div>\n<div><\/div>\n<div><\/div>\n","protected":false},"excerpt":{"rendered":"<p>Une nouvelle fois, vous \u00e9tiez pr\u00e9sents sur tous les fronts. Championnats de Belgique master en salle, championnats de Belgique de cross, trail et joggings, on ne sait plus o\u00f9 donner de la t\u00eate. &nbsp; Championnats de Belgique master C&rsquo;est la performance du week-end, Lucien Theys s&rsquo;est adjug\u00e9 l&rsquo;or sur 800m dans sa nouvelle cat\u00e9gorie (M60)&#8230;.<\/p>\n","protected":false},"author":1,"featured_media":216669,"comment_status":"open","ping_status":"open","sticky":false,"template":"","format":"standard","meta":{"footnotes":""},"categories":[21,23,24,26],"tags":[],"class_list":["post-216219","post","type-post","status-publish","format-standard","has-post-thumbnail","hentry","category-championnats","category-competitions","category-cross","category-jogging"],"_links":{"self":[{"href":"https:\/\/www.fleurus-athletisme.be\/Fleu\/wp-json\/wp\/v2\/posts\/216219","targetHints":{"allow":["GET"]}}],"collection":[{"href":"https:\/\/www.fleurus-athletisme.be\/Fleu\/wp-json\/wp\/v2\/posts"}],"about":[{"href":"https:\/\/www.fleurus-athletisme.be\/Fleu\/wp-json\/wp\/v2\/types\/post"}],"author":[{"embeddable":true,"href":"https:\/\/www.fleurus-athletisme.be\/Fleu\/wp-json\/wp\/v2\/users\/1"}],"replies":[{"embeddable":true,"href":"https:\/\/www.fleurus-athletisme.be\/Fleu\/wp-json\/wp\/v2\/comments?post=216219"}],"version-history":[{"count":1,"href":"https:\/\/www.fleurus-athletisme.be\/Fleu\/wp-json\/wp\/v2\/posts\/216219\/revisions"}],"predecessor-version":[{"id":216676,"href":"https:\/\/www.fleurus-athletisme.be\/Fleu\/wp-json\/wp\/v2\/posts\/216219\/revisions\/216676"}],"wp:featuredmedia":[{"embeddable":true,"href":"https:\/\/www.fleurus-athletisme.be\/Fleu\/wp-json\/wp\/v2\/media\/216669"}],"wp:attachment":[{"href":"https:\/\/www.fleurus-athletisme.be\/Fleu\/wp-json\/wp\/v2\/media?parent=216219"}],"wp:term":[{"taxonomy":"category","embeddable":true,"href":"https:\/\/www.fleurus-athletisme.be\/Fleu\/wp-json\/wp\/v2\/categories?post=216219"},{"taxonomy":"post_tag","embeddable":true,"href":"https:\/\/www.fleurus-athletisme.be\/Fleu\/wp-json\/wp\/v2\/tags?post=216219"}],"curies":[{"name":"wp","href":"https:\/\/api.w.org\/{rel}","templated":true}]}}