{"id":216102,"date":"2023-02-06T14:16:30","date_gmt":"2023-02-06T13:16:30","guid":{"rendered":"http:\/\/www.fleurus-athletisme.be\/Fleu\/?p=216102"},"modified":"2023-02-06T14:16:30","modified_gmt":"2023-02-06T13:16:30","slug":"ifam-championnats-du-hainaut-de-cross","status":"publish","type":"post","link":"https:\/\/www.fleurus-athletisme.be\/Fleu\/2023\/02\/06\/ifam-championnats-du-hainaut-de-cross\/","title":{"rendered":"IFAM &amp; Championnats du Hainaut de cross"},"content":{"rendered":"<pre>Gros week-end \u00e0 nouveau pour nos athl\u00e8tes avec l'IFAM samedi \u00e0 Gand et les championnats du Hainaut de cross au parc de La Louve dimanche. Il y avait \u00e9galements des trails et une corrida au programme.<\/pre>\n<p>&nbsp;<\/p>\n<h4>IFAM<\/h4>\n<p>C&rsquo;est la plus grande comp\u00e9tition indoor de Belgique. Lors de l&rsquo;avant-programme, cinq athl\u00e8tes y \u00e9taient pr\u00e9sents. Le bilan est du 5 sur 5 avec que des records personnels.<\/p>\n<p>Sur 400m, apr\u00e8s sa chute lors des championnats LBFA de relais,\u00a0<strong>Juliette Ballard<\/strong> a \u00e9t\u00e9 cherch\u00e9 son record pour l&rsquo;abaisser \u00e0 1:05.13. Dans la s\u00e9rie pr\u00e9c\u00e9dente, c&rsquo;est\u00a0<strong>Oumy Leonard<\/strong> qui courait. 3e course sur la distance et 3e record. Cette fois-ci, elle r\u00e9alise un joli chrono de 1:05.96. Chez les gar\u00e7ons, la progression de\u00a0<strong>Diego Somaschini<\/strong> est fulgurante. Il a battu son record de une seconde et demie pour le porter \u00e0 55.09.<\/p>\n<p>Sur 60m,\u00a0<strong>Lisa Martin-Launoy<\/strong> a battu son record d&rsquo;un dixi\u00e8me et franchit la ligne d&rsquo;arriv\u00e9e en 8.60.\u00a0<strong>Cl\u00e9mence Granville<\/strong> faisait ses d\u00e9buts sur la distance. R\u00e9sultat : 8.96.<\/p>\n<p>&nbsp;<\/p>\n<h4>Championnats du Hainaut de cross &#8211; ACLO<\/h4>\n<p>Nouvelle pr\u00e9sence en nombre de notre \u00e9cole de jeunes. Pour le 4e cross de notre programme, ils se sont rendus au Parc de La Louve pour les championnats du Hainaut. Les courses se d\u00e9roulaient par ann\u00e9e de naissance pour les BPM.<\/p>\n<h5>Benjamins<\/h5>\n<p>Nos trois benjamins \u00e9taient au d\u00e9part de la m\u00eame course.\u00a0<strong>Martin Debay<\/strong> se positionne de mieux en mieux. Pour son 5e cross de la saison, il termine \u00e0 une jolie onzi\u00e8me place.\u00a0<strong>Sacha Polus<\/strong> termine 24e, un peu devant <strong>Maxence Lefevre<\/strong>, \u00e0 une 27e place.<\/p>\n<h5>Pupilles<\/h5>\n<p>Top 5 pour\u00a0<strong>Oph\u00e9lie Dedami<\/strong> qui franchit la ligne d&rsquo;arriv\u00e9e apr\u00e8s 3:58 d&rsquo;effort pour la boucle de 1000m.\u00a0<strong>Ma\u00efa Thunis<\/strong> termine \u00e0 la 22e place. Elles sont toutes les deux en 2012. Tout comme\u00a0<strong>Sacha Peeters<\/strong> qui termine 11e de sa course. Pour les 2013, nous avions 3 repr\u00e9sentants. <strong>Noah Guns<\/strong> s&rsquo;est montr\u00e9 le plus rapide de la team avec une 17e place.\u00a0<strong>Thomas Polus<\/strong> et\u00a0<strong>Tim\u00e9o Mourin<\/strong> finissent au coude \u00e0 coude \u00e0 la 21e et 22e position.<\/p>\n<p><a href=\"http:\/\/www.fleurus-athletisme.be\/Fleu\/wp-content\/uploads\/2023\/02\/DSC04488-scaled.jpg\"><img decoding=\"async\" class=\"alignnone size-thumbnail wp-image-216129\" src=\"http:\/\/www.fleurus-athletisme.be\/Fleu\/wp-content\/uploads\/2023\/02\/DSC04488-160x160.jpg\" alt=\"\" width=\"160\" height=\"160\" \/><\/a> <a href=\"http:\/\/www.fleurus-athletisme.be\/Fleu\/wp-content\/uploads\/2023\/02\/DSC04502-scaled.jpg\"><img decoding=\"async\" class=\"alignnone size-thumbnail wp-image-216130\" src=\"http:\/\/www.fleurus-athletisme.be\/Fleu\/wp-content\/uploads\/2023\/02\/DSC04502-160x160.jpg\" alt=\"\" width=\"160\" height=\"160\" \/><\/a> <a href=\"http:\/\/www.fleurus-athletisme.be\/Fleu\/wp-content\/uploads\/2023\/02\/DSC04509-scaled.jpg\"><img decoding=\"async\" class=\"alignnone size-thumbnail wp-image-216131\" src=\"http:\/\/www.fleurus-athletisme.be\/Fleu\/wp-content\/uploads\/2023\/02\/DSC04509-160x160.jpg\" alt=\"\" width=\"160\" height=\"160\" \/><\/a> <a href=\"http:\/\/www.fleurus-athletisme.be\/Fleu\/wp-content\/uploads\/2023\/02\/DSC04525-scaled.jpg\"><img loading=\"lazy\" decoding=\"async\" class=\"alignnone size-thumbnail wp-image-216132\" src=\"http:\/\/www.fleurus-athletisme.be\/Fleu\/wp-content\/uploads\/2023\/02\/DSC04525-160x160.jpg\" alt=\"\" width=\"160\" height=\"160\" \/><\/a> <a href=\"http:\/\/www.fleurus-athletisme.be\/Fleu\/wp-content\/uploads\/2023\/02\/DSC04515-scaled.jpg\"><img loading=\"lazy\" decoding=\"async\" class=\"alignnone size-thumbnail wp-image-216133\" src=\"http:\/\/www.fleurus-athletisme.be\/Fleu\/wp-content\/uploads\/2023\/02\/DSC04515-160x160.jpg\" alt=\"\" width=\"160\" height=\"160\" \/><\/a><\/p>\n<h5>Minimes<\/h5>\n<p><strong>Thalia Josis<\/strong> a termin\u00e9 \u00e0 une tr\u00e8s jolie 9e place sur 1000m dans un chrono de 4:12. <strong>Basile Henriet<\/strong>, apr\u00e8s une chute au d\u00e9part \u00e0 la suite d&rsquo;une glissade, a bien remont\u00e9 le groupe pour finalement finir \u00e0 une 12e place.\u00a0<strong>Robin Debay <\/strong>franchit la ligne en 16e position.<\/p>\n<p><a href=\"http:\/\/www.fleurus-athletisme.be\/Fleu\/wp-content\/uploads\/2023\/02\/DSC04541-scaled.jpg\"><img loading=\"lazy\" decoding=\"async\" class=\"alignnone size-thumbnail wp-image-216127\" src=\"http:\/\/www.fleurus-athletisme.be\/Fleu\/wp-content\/uploads\/2023\/02\/DSC04541-160x160.jpg\" alt=\"\" width=\"160\" height=\"160\" \/><\/a> <a href=\"http:\/\/www.fleurus-athletisme.be\/Fleu\/wp-content\/uploads\/2023\/02\/DSC04561-scaled.jpg\"><img loading=\"lazy\" decoding=\"async\" class=\"alignnone size-thumbnail wp-image-216128\" src=\"http:\/\/www.fleurus-athletisme.be\/Fleu\/wp-content\/uploads\/2023\/02\/DSC04561-160x160.jpg\" alt=\"\" width=\"160\" height=\"160\" \/><\/a><\/p>\n<h5>Cross Long<\/h5>\n<p>Les masters dames avaient trois boucles de 1500m \u00e0 courir.\u00a0<strong>Chris Foster<\/strong> termine 9e en 25:16, juste devant\u00a0<strong>Carine Bourmock<\/strong> en 25:25. Les s\u00e9niores avaient quant \u00e0 elles, 6000m \u00e0 parcourir.\u00a0<strong>Coralie Ketele<\/strong> les boucle en 6e position, dans un chrono de 29:12.\u00a0<strong>Coline Balteau<\/strong> termine une place derri\u00e8re, en 29:58.<\/p>\n<p><a href=\"http:\/\/www.fleurus-athletisme.be\/Fleu\/wp-content\/uploads\/2023\/02\/DSC04587-scaled.jpg\"><img loading=\"lazy\" decoding=\"async\" class=\"alignnone size-thumbnail wp-image-216122\" src=\"http:\/\/www.fleurus-athletisme.be\/Fleu\/wp-content\/uploads\/2023\/02\/DSC04587-160x160.jpg\" alt=\"\" width=\"160\" height=\"160\" \/><\/a> <a href=\"http:\/\/www.fleurus-athletisme.be\/Fleu\/wp-content\/uploads\/2023\/02\/DSC04594-scaled.jpg\"><img loading=\"lazy\" decoding=\"async\" class=\"alignnone size-thumbnail wp-image-216123\" src=\"http:\/\/www.fleurus-athletisme.be\/Fleu\/wp-content\/uploads\/2023\/02\/DSC04594-160x160.jpg\" alt=\"\" width=\"160\" height=\"160\" \/><\/a> <a href=\"http:\/\/www.fleurus-athletisme.be\/Fleu\/wp-content\/uploads\/2023\/02\/DSC04595-scaled.jpg\"><img loading=\"lazy\" decoding=\"async\" class=\"alignnone size-thumbnail wp-image-216124\" src=\"http:\/\/www.fleurus-athletisme.be\/Fleu\/wp-content\/uploads\/2023\/02\/DSC04595-160x160.jpg\" alt=\"\" width=\"160\" height=\"160\" \/><\/a> <a href=\"http:\/\/www.fleurus-athletisme.be\/Fleu\/wp-content\/uploads\/2023\/02\/DSC04618-scaled.jpg\"><img loading=\"lazy\" decoding=\"async\" class=\"alignnone size-thumbnail wp-image-216125\" src=\"http:\/\/www.fleurus-athletisme.be\/Fleu\/wp-content\/uploads\/2023\/02\/DSC04618-160x160.jpg\" alt=\"\" width=\"160\" height=\"160\" \/><\/a> <a href=\"http:\/\/www.fleurus-athletisme.be\/Fleu\/wp-content\/uploads\/2023\/02\/DSC04621-scaled.jpg\"><img loading=\"lazy\" decoding=\"async\" class=\"alignnone size-thumbnail wp-image-216126\" src=\"http:\/\/www.fleurus-athletisme.be\/Fleu\/wp-content\/uploads\/2023\/02\/DSC04621-160x160.jpg\" alt=\"\" width=\"160\" height=\"160\" \/><\/a><\/p>\n<p>Chez les hommes, les masters devaient \u00e9galement parcourir 6000m.\u00a0<strong>Fr\u00e9d\u00e9ric Lombart<\/strong> r\u00e9alise un top 20 en 24:03.\u00a0<strong>Pascal Kempeneers<\/strong> termine 26e en 24:38. La plus longue distance \u00e9tait r\u00e9serv\u00e9e aux seniors avec 7500m.\u00a0<strong>Gilles Marchal<\/strong> boucle ses cinq tours en 26:50 \u00e0 une onzi\u00e8me place.<\/p>\n<p><a href=\"http:\/\/www.fleurus-athletisme.be\/Fleu\/wp-content\/uploads\/2023\/02\/DSC04624-scaled.jpg\"><img loading=\"lazy\" decoding=\"async\" class=\"alignnone size-thumbnail wp-image-216119\" src=\"http:\/\/www.fleurus-athletisme.be\/Fleu\/wp-content\/uploads\/2023\/02\/DSC04624-160x160.jpg\" alt=\"\" width=\"160\" height=\"160\" \/><\/a> <a href=\"http:\/\/www.fleurus-athletisme.be\/Fleu\/wp-content\/uploads\/2023\/02\/DSC04626-scaled.jpg\"><img loading=\"lazy\" decoding=\"async\" class=\"alignnone size-thumbnail wp-image-216120\" src=\"http:\/\/www.fleurus-athletisme.be\/Fleu\/wp-content\/uploads\/2023\/02\/DSC04626-160x160.jpg\" alt=\"\" width=\"160\" height=\"160\" \/><\/a> <a href=\"http:\/\/www.fleurus-athletisme.be\/Fleu\/wp-content\/uploads\/2023\/02\/DSC04633-scaled.jpg\"><img loading=\"lazy\" decoding=\"async\" class=\"alignnone size-thumbnail wp-image-216121\" src=\"http:\/\/www.fleurus-athletisme.be\/Fleu\/wp-content\/uploads\/2023\/02\/DSC04633-160x160.jpg\" alt=\"\" width=\"160\" height=\"160\" \/> <\/a><a href=\"http:\/\/www.fleurus-athletisme.be\/Fleu\/wp-content\/uploads\/2023\/02\/WhatsApp-Image-2023-02-06-at-14.40.35.jpeg\"><img loading=\"lazy\" decoding=\"async\" class=\"alignnone size-thumbnail wp-image-216138\" src=\"http:\/\/www.fleurus-athletisme.be\/Fleu\/wp-content\/uploads\/2023\/02\/WhatsApp-Image-2023-02-06-at-14.40.35-160x160.jpeg\" alt=\"\" width=\"160\" height=\"160\" \/><\/a> <a href=\"http:\/\/www.fleurus-athletisme.be\/Fleu\/wp-content\/uploads\/2023\/02\/WhatsApp-Image-2023-02-06-at-14.40.46.jpeg\"><img loading=\"lazy\" decoding=\"async\" class=\"alignnone size-thumbnail wp-image-216139\" src=\"http:\/\/www.fleurus-athletisme.be\/Fleu\/wp-content\/uploads\/2023\/02\/WhatsApp-Image-2023-02-06-at-14.40.46-160x160.jpeg\" alt=\"\" width=\"160\" height=\"160\" \/><\/a><\/p>\n<p>&nbsp;<\/p>\n<h5>Corrida de la Chandeleur<\/h5>\n<p>Pour la seconde manche du challenge du Brabant Wallon qui prenait place \u00e0 Beauvechain, quelques-unes de nos athl\u00e8tes avaient fait le d\u00e9placement vendredi.\u00a0<strong>Chris Foster, Fabienne Knott<\/strong> et <strong>Cristine Mestagh<\/strong> terminent ensemble avec des chronos entre 51:52 et 51:55 pour 9 kilom\u00e8tres.\u00a0<strong>Lucia Costa<\/strong> a termin\u00e9 une minute plus tard, en 52:54.<\/p>\n<h5><a href=\"http:\/\/www.fleurus-athletisme.be\/Fleu\/wp-content\/uploads\/2023\/02\/DSC_0166.jpg\"><img loading=\"lazy\" decoding=\"async\" class=\"alignnone size-thumbnail wp-image-216108\" src=\"http:\/\/www.fleurus-athletisme.be\/Fleu\/wp-content\/uploads\/2023\/02\/DSC_0166-160x160.jpg\" alt=\"\" width=\"160\" height=\"160\" \/><\/a> <a href=\"http:\/\/www.fleurus-athletisme.be\/Fleu\/wp-content\/uploads\/2023\/02\/DSC_0167.jpg\"><img loading=\"lazy\" decoding=\"async\" class=\"alignnone size-thumbnail wp-image-216109\" src=\"http:\/\/www.fleurus-athletisme.be\/Fleu\/wp-content\/uploads\/2023\/02\/DSC_0167-160x160.jpg\" alt=\"\" width=\"160\" height=\"160\" \/><\/a> <a href=\"http:\/\/www.fleurus-athletisme.be\/Fleu\/wp-content\/uploads\/2023\/02\/DSC_0169.jpg\"><img loading=\"lazy\" decoding=\"async\" class=\"alignnone size-thumbnail wp-image-216110\" src=\"http:\/\/www.fleurus-athletisme.be\/Fleu\/wp-content\/uploads\/2023\/02\/DSC_0169-160x160.jpg\" alt=\"\" width=\"160\" height=\"160\" \/><\/a> <a href=\"http:\/\/www.fleurus-athletisme.be\/Fleu\/wp-content\/uploads\/2023\/02\/DSC_0170.jpg\"><img loading=\"lazy\" decoding=\"async\" class=\"alignnone size-thumbnail wp-image-216112\" src=\"http:\/\/www.fleurus-athletisme.be\/Fleu\/wp-content\/uploads\/2023\/02\/DSC_0170-160x160.jpg\" alt=\"\" width=\"160\" height=\"160\" \/><\/a><\/h5>\n<p>&nbsp;<\/p>\n<h5>Trails<\/h5>\n<p>Gros week-end de trails. <strong>Nathan Lindekens<\/strong> \u00e9tait align\u00e9 sur le trail de la Chandeleur, vendredi 03 f\u00e9vrier. Avec une troisi\u00e8me place \u00e0 l&rsquo;arriv\u00e9e sur les 9 kilom\u00e8tres. Sur la m\u00eame distance, <strong>Constant<\/strong> <strong>Nemery <\/strong>termine en 46:22 \u00e0 la 29e place.\u00a0<strong>Renan Gossiaux<\/strong> finit quant \u00e0 lui 4e des 22 kilom\u00e8tres.<\/p>\n<p>Dimanche, <strong>Nathan <\/strong>remet le couvert. Cette fois-ci, lors du trail des Chevreuils, avec 30 kilom\u00e8tres \u00e0 parcourir. C&rsquo;\u00e9tait sa premi\u00e8re exp\u00e9rience sur une aussi longue distance. Il termine \u00e0 une superbe 10e place. <strong>Renan<\/strong>\u00a0monte sur la troisi\u00e8me marche du podium sur la distance de 21 kilom\u00e8tres.<\/p>\n<p><a href=\"http:\/\/www.fleurus-athletisme.be\/Fleu\/wp-content\/uploads\/2023\/02\/329007544_4356231207834386_4216364866718430256_n.jpeg\"><img loading=\"lazy\" decoding=\"async\" class=\"alignnone size-thumbnail wp-image-216106\" src=\"http:\/\/www.fleurus-athletisme.be\/Fleu\/wp-content\/uploads\/2023\/02\/329007544_4356231207834386_4216364866718430256_n-160x160.jpeg\" alt=\"\" width=\"160\" height=\"160\" \/> <\/a><a href=\"http:\/\/www.fleurus-athletisme.be\/Fleu\/wp-content\/uploads\/2023\/02\/328934793_905142483856640_387026225780266896_n.jpeg\"><img loading=\"lazy\" decoding=\"async\" class=\"alignnone size-thumbnail wp-image-216107\" src=\"http:\/\/www.fleurus-athletisme.be\/Fleu\/wp-content\/uploads\/2023\/02\/328934793_905142483856640_387026225780266896_n-160x160.jpeg\" alt=\"\" width=\"160\" height=\"160\" \/><\/a><\/p>\n","protected":false},"excerpt":{"rendered":"<p>Gros week-end \u00e0 nouveau pour nos athl\u00e8tes avec l&rsquo;IFAM samedi \u00e0 Gand et les championnats du Hainaut de cross au parc de La Louve dimanche. Il y avait \u00e9galements des trails et une corrida au programme. &nbsp; IFAM C&rsquo;est la plus grande comp\u00e9tition indoor de Belgique. Lors de l&rsquo;avant-programme, cinq athl\u00e8tes y \u00e9taient pr\u00e9sents. Le&#8230;<\/p>\n","protected":false},"author":1,"featured_media":216126,"comment_status":"open","ping_status":"open","sticky":false,"template":"","format":"standard","meta":{"footnotes":""},"categories":[21,23,24,6],"tags":[],"class_list":["post-216102","post","type-post","status-publish","format-standard","has-post-thumbnail","hentry","category-championnats","category-competitions","category-cross","category-records"],"_links":{"self":[{"href":"https:\/\/www.fleurus-athletisme.be\/Fleu\/wp-json\/wp\/v2\/posts\/216102","targetHints":{"allow":["GET"]}}],"collection":[{"href":"https:\/\/www.fleurus-athletisme.be\/Fleu\/wp-json\/wp\/v2\/posts"}],"about":[{"href":"https:\/\/www.fleurus-athletisme.be\/Fleu\/wp-json\/wp\/v2\/types\/post"}],"author":[{"embeddable":true,"href":"https:\/\/www.fleurus-athletisme.be\/Fleu\/wp-json\/wp\/v2\/users\/1"}],"replies":[{"embeddable":true,"href":"https:\/\/www.fleurus-athletisme.be\/Fleu\/wp-json\/wp\/v2\/comments?post=216102"}],"version-history":[{"count":0,"href":"https:\/\/www.fleurus-athletisme.be\/Fleu\/wp-json\/wp\/v2\/posts\/216102\/revisions"}],"wp:featuredmedia":[{"embeddable":true,"href":"https:\/\/www.fleurus-athletisme.be\/Fleu\/wp-json\/"}],"wp:attachment":[{"href":"https:\/\/www.fleurus-athletisme.be\/Fleu\/wp-json\/wp\/v2\/media?parent=216102"}],"wp:term":[{"taxonomy":"category","embeddable":true,"href":"https:\/\/www.fleurus-athletisme.be\/Fleu\/wp-json\/wp\/v2\/categories?post=216102"},{"taxonomy":"post_tag","embeddable":true,"href":"https:\/\/www.fleurus-athletisme.be\/Fleu\/wp-json\/wp\/v2\/tags?post=216102"}],"curies":[{"name":"wp","href":"https:\/\/api.w.org\/{rel}","templated":true}]}}