{"id":215685,"date":"2022-07-04T21:44:28","date_gmt":"2022-07-04T20:44:28","guid":{"rendered":"http:\/\/www.fleurus-athletisme.be\/Fleu\/?p=215685"},"modified":"2022-07-04T21:44:28","modified_gmt":"2022-07-04T20:44:28","slug":"deux-semaines-riches-en-performance","status":"publish","type":"post","link":"https:\/\/www.fleurus-athletisme.be\/Fleu\/2022\/07\/04\/deux-semaines-riches-en-performance\/","title":{"rendered":"Deux semaines riches en performance"},"content":{"rendered":"<pre>Les deux derni\u00e8res semaines ont \u00e9t\u00e9 riches en performance. Les chronos descendent de mani\u00e8re impressionante.\n\n<\/pre>\n<h4>SMAC &#8211; 17 juin<\/h4>\n<p>Le vendredi 17 juin, <strong>Nathan Lindekens<\/strong> a \u00e9t\u00e9 courir un 800m du c\u00f4t\u00e9 de Jambes en 2&rsquo;03&Prime;25.<\/p>\n<p>&nbsp;<\/p>\n<h4>CABW &#8211; 18 juin<\/h4>\n<p>Nos deux pupilles ont fait briller les couleurs du club.\u00a0<strong>Oph\u00e9lie Dedami<\/strong> et\u00a0<strong>Thalia Josis<\/strong> montent respectivement sur la seconde et troisi\u00e8me marche du podium sur 1000m lors de l&rsquo;avant-programme du meeting international de Nivelles. <strong>Oph\u00e9lie<\/strong> r\u00e9alise un temps de 3&rsquo;40&Prime;54 pour son premier 1000m.\u00a0<strong>Thalia<\/strong> am\u00e9liore son record de 28 secondes pour le porter \u00e0 3&rsquo;47&Prime;49.<\/p>\n<p>Dans l&rsquo;apr\u00e8s-programme,\u00a0<strong>Lou Desmedt<\/strong> court en 32&Prime;90 son 200m et approche son record de 3 centi\u00e8mes.\u00a0<strong>Thibaut Bogaerts<\/strong> r\u00e9alise une magnifique course et r\u00e9alise un nouveau record en 25&Prime;22.<\/p>\n<p>Sur 400m,\u00a0<strong>Juliette Ballard<\/strong> fait son season best en 1&rsquo;08&Prime;59.\u00a0<strong>Diego Somaschini<\/strong> termine quant \u00e0 lui en 56&Prime;82.<\/p>\n<p>Sur 800m, nos repr\u00e9sentants ont tous les deux battu leur record personnel de plus de 3 secondes.\u00a0<strong>Elsa Chintinne<\/strong> court en 2&rsquo;47&Prime;98 et\u00a0<strong>Baptiste Da Re<\/strong> en 2&rsquo;27&Prime;30.<\/p>\n<p>Sur le 1500m,\u00a0<strong>Louise Lorsignol<\/strong> \u00e9choue \u00e0 45 centi\u00e8mes de son record en 5&rsquo;15&Prime;30 mais confirme son excellente forme. <strong>Gianni Guido<\/strong> revient doucement apr\u00e8s une blessure et court en 4&rsquo;23&Prime;46.\u00a0<strong>Constant Nemery<\/strong> s&rsquo;essayait pour la premi\u00e8re fois sur cette distance en boucle les 3 tours 3\/4 en 4&rsquo;43&Prime;18.<\/p>\n<p><a href=\"http:\/\/www.fleurus-athletisme.be\/Fleu\/wp-content\/uploads\/2022\/07\/287296444_2274707192688408_2352419439145581356_n.jpeg\"><img decoding=\"async\" class=\"alignnone size-thumbnail wp-image-215704\" src=\"http:\/\/www.fleurus-athletisme.be\/Fleu\/wp-content\/uploads\/2022\/07\/287296444_2274707192688408_2352419439145581356_n-160x160.jpeg\" alt=\"\" width=\"160\" height=\"160\" \/><\/a> <a href=\"http:\/\/www.fleurus-athletisme.be\/Fleu\/wp-content\/uploads\/2022\/07\/288605862_2274709369354857_6639484316019693655_n.jpeg\"><img decoding=\"async\" class=\"alignnone size-thumbnail wp-image-215703\" src=\"http:\/\/www.fleurus-athletisme.be\/Fleu\/wp-content\/uploads\/2022\/07\/288605862_2274709369354857_6639484316019693655_n-160x160.jpeg\" alt=\"\" width=\"160\" height=\"160\" \/><\/a><\/p>\n<h4><\/h4>\n<h4>FLEU &#8211; 25 juin<\/h4>\n<p>Lors de notre meeting de sauts et lancers le 25 juin dernier, ils n&rsquo;\u00e9taient que deux inscrits pour le club.<\/p>\n<p><strong>Lou Desmedt\u00a0<\/strong>franchit une barre \u00e0 1m10 \u00e0 la hauteur. Elle am\u00e9liore son record personnel \u00e0 la longueur (3m69) et au javelot (18m04).<\/p>\n<p>Notre second fleurusien participait pour sa toute premi\u00e8re fois \u00e0 une comp\u00e9tition.\u00a0<strong>Diego Piette<\/strong> a r\u00e9alis\u00e9 son meilleur saut en longueur \u00e0 3m61. Au poids, il lance les 5 kilos \u00e0 7m14.<\/p>\n<p>&nbsp;<\/p>\n<h4>CS DYLE &#8211; 29 juin<\/h4>\n<p>La d\u00e9l\u00e9gation du demi-fond a fait le d\u00e9placement \u00e0 Louvain-la-Neuve. Sur les neuf engag\u00e9s, sept reviennent avec un nouveau record personnel.<\/p>\n<p>Au 400m, toutes les trois \u00e9taient align\u00e9es dans la premi\u00e8re s\u00e9rie.\u00a0<strong>Juliette Ballard\u00a0<\/strong>r\u00e9alise une superbe performance en 1&rsquo;05&Prime;23 et am\u00e9liore de plus de deux secondes son record.\u00a0<strong>Elsa Chintinne<\/strong> r\u00e9alise 1&rsquo;12&Prime;14 pour son premier tour de piste suivi par\u00a0<strong>Lou Desmedt\u00a0<\/strong>en 1&rsquo;13&Prime;40.<\/p>\n<p>Nos autres participants \u00e9taient inscrits sur le double tour de piste. La progression la plus fulgurante est celle de\u00a0<strong>Louise Lorsignol<\/strong> qui r\u00e9alise 2&rsquo;30&Prime;27. Elle am\u00e9liore son temps de plus de 8 secondes en deux mois. Dans la m\u00eame s\u00e9rie,\u00a0<strong>Coline Balteau<\/strong> court en 2&rsquo;44&Prime;08. Chez les gar\u00e7ons,\u00a0<strong>Nathan Lindekens<\/strong> franchit pour la premi\u00e8re fois la fameuse barre des 2 minutes et boucle en 1&rsquo;59&Prime;75. Belle progression \u00e9galement de\u00a0<strong>Diego Somaschini<\/strong> qui am\u00e9liore son record de 3 secondes pour le porter \u00e0 2&rsquo;07&Prime;88.\u00a0<strong>Baptiste Da Re<\/strong> gagne en 3 secondes et court en 2&rsquo;24&Prime;09. C&rsquo;est 6 secondes de gagner en \u00e0 peine deux semaines.\u00a0<strong>Flavio Sartori<\/strong> pour sa grande premi\u00e8re r\u00e9alise 2&rsquo;40&Prime;60. Notons \u00e9galement la performance de notre coach de demi-fond,\u00a0<strong>Eric Wozny<\/strong>, 2&rsquo;32&Prime;27.<\/p>\n<p><a href=\"http:\/\/www.fleurus-athletisme.be\/Fleu\/wp-content\/uploads\/2022\/07\/DSC01216-scaled.jpg\"><img decoding=\"async\" class=\"alignnone size-thumbnail wp-image-215698\" src=\"http:\/\/www.fleurus-athletisme.be\/Fleu\/wp-content\/uploads\/2022\/07\/DSC01216-160x160.jpg\" alt=\"\" width=\"160\" height=\"160\" \/><\/a><\/p>\n<p>&nbsp;<\/p>\n<h4>RFCL &#8211; 29 juin<\/h4>\n<p>Lors du meeting international de la province de Li\u00e8ge, <strong>Gianni Guido<\/strong> \u00e9tait align\u00e9 sur le 1500m. Il r\u00e9alise 4&rsquo;13&Prime;85 lors de l&rsquo;avant-programme.<\/p>\n<p>&nbsp;<\/p>\n<h4>MOHA &#8211; 02 juillet<\/h4>\n<p>Nouveau tour de piste pour\u00a0<strong>Diego Somaschini<\/strong> en 56&Prime;75.<\/p>\n<p>&nbsp;<\/p>\n<h4>KBC Nacht &#8211; 02 juillet<\/h4>\n<p>Grande premi\u00e8re pour <strong>Louise Lorsignol<\/strong> qui a eu la superbe possibilit\u00e9 de courir un 1500m \u00e0 la nuit de l&rsquo;athl\u00e9tisme \u00e0 Heusden. R\u00e9sultat \u00e0 la hauteur des attentes avec un nouveau record personnel en 5&rsquo;11&Prime;86.<\/p>\n<p>&nbsp;<\/p>\n<h4><strong>BBS &#8211; 03 juillet<\/strong><\/h4>\n<p>Notre sprinteur,\u00a0<strong>Thibaut Bogaerts,\u00a0<\/strong>\u00e9tait repris sur 100m et 200m pour ses premiers championnats francophones en individuel. Il s&rsquo;est tr\u00e8s bien d\u00e9brouill\u00e9 malgr\u00e9 des conditions m\u00e9t\u00e9os venteuses qui ne lui ont pas permis de s&rsquo;exprimer pleineiment. En s\u00e9rie du 100m, avec un vent nul, il bat son record pour le porter \u00e0 12&Prime;20. Avec 2,1m\/s de vent de face en finale, il court en 12&Prime;46. Jolie 5e place francophone. Sur 200m, il termine 4e junior en 25&Prime;59 avec plus de 4m\/s de vent de face. Avec des conditions optimales, les chronos et records personnels vont tomber tr\u00e8s tr\u00e8s vite.<\/p>\n<p><strong>Nathan Lindekens<\/strong> \u00e9tait align\u00e9 une nouvelle fois sur 800m. Apr\u00e8s sa premi\u00e8re course sous les 2 minutes quelques jours plus t\u00f4t, il confirme son excellente forme et descend une nouvelle fois son chrono, 1&rsquo;59&Prime;62.<\/p>\n<p><a href=\"http:\/\/www.fleurus-athletisme.be\/Fleu\/wp-content\/uploads\/2022\/07\/DSC01391-scaled.jpg\"><img loading=\"lazy\" decoding=\"async\" class=\"alignnone size-thumbnail wp-image-215701\" src=\"http:\/\/www.fleurus-athletisme.be\/Fleu\/wp-content\/uploads\/2022\/07\/DSC01391-160x160.jpg\" alt=\"\" width=\"160\" height=\"160\" \/><\/a> <a href=\"http:\/\/www.fleurus-athletisme.be\/Fleu\/wp-content\/uploads\/2022\/07\/DSC01297-scaled.jpg\"><img loading=\"lazy\" decoding=\"async\" class=\"alignnone size-thumbnail wp-image-215700\" src=\"http:\/\/www.fleurus-athletisme.be\/Fleu\/wp-content\/uploads\/2022\/07\/DSC01297-160x160.jpg\" alt=\"\" width=\"160\" height=\"160\" \/><\/a> <a href=\"http:\/\/www.fleurus-athletisme.be\/Fleu\/wp-content\/uploads\/2022\/07\/DSC01459-scaled.jpg\"><img loading=\"lazy\" decoding=\"async\" class=\"alignnone size-thumbnail wp-image-215702\" src=\"http:\/\/www.fleurus-athletisme.be\/Fleu\/wp-content\/uploads\/2022\/07\/DSC01459-160x160.jpg\" alt=\"\" width=\"160\" height=\"160\" \/><\/a><\/p>\n","protected":false},"excerpt":{"rendered":"<p>Les deux derni\u00e8res semaines ont \u00e9t\u00e9 riches en performance. Les chronos descendent de mani\u00e8re impressionante. SMAC &#8211; 17 juin Le vendredi 17 juin, Nathan Lindekens a \u00e9t\u00e9 courir un 800m du c\u00f4t\u00e9 de Jambes en 2&rsquo;03&Prime;25. &nbsp; CABW &#8211; 18 juin Nos deux pupilles ont fait briller les couleurs du club.\u00a0Oph\u00e9lie Dedami et\u00a0Thalia Josis montent&#8230;<\/p>\n","protected":false},"author":1,"featured_media":215705,"comment_status":"open","ping_status":"open","sticky":false,"template":"","format":"standard","meta":{"footnotes":""},"categories":[21,23],"tags":[],"class_list":["post-215685","post","type-post","status-publish","format-standard","has-post-thumbnail","hentry","category-championnats","category-competitions"],"_links":{"self":[{"href":"https:\/\/www.fleurus-athletisme.be\/Fleu\/wp-json\/wp\/v2\/posts\/215685","targetHints":{"allow":["GET"]}}],"collection":[{"href":"https:\/\/www.fleurus-athletisme.be\/Fleu\/wp-json\/wp\/v2\/posts"}],"about":[{"href":"https:\/\/www.fleurus-athletisme.be\/Fleu\/wp-json\/wp\/v2\/types\/post"}],"author":[{"embeddable":true,"href":"https:\/\/www.fleurus-athletisme.be\/Fleu\/wp-json\/wp\/v2\/users\/1"}],"replies":[{"embeddable":true,"href":"https:\/\/www.fleurus-athletisme.be\/Fleu\/wp-json\/wp\/v2\/comments?post=215685"}],"version-history":[{"count":0,"href":"https:\/\/www.fleurus-athletisme.be\/Fleu\/wp-json\/wp\/v2\/posts\/215685\/revisions"}],"wp:featuredmedia":[{"embeddable":true,"href":"https:\/\/www.fleurus-athletisme.be\/Fleu\/wp-json\/"}],"wp:attachment":[{"href":"https:\/\/www.fleurus-athletisme.be\/Fleu\/wp-json\/wp\/v2\/media?parent=215685"}],"wp:term":[{"taxonomy":"category","embeddable":true,"href":"https:\/\/www.fleurus-athletisme.be\/Fleu\/wp-json\/wp\/v2\/categories?post=215685"},{"taxonomy":"post_tag","embeddable":true,"href":"https:\/\/www.fleurus-athletisme.be\/Fleu\/wp-json\/wp\/v2\/tags?post=215685"}],"curies":[{"name":"wp","href":"https:\/\/api.w.org\/{rel}","templated":true}]}}