{"id":215451,"date":"2022-01-14T18:38:23","date_gmt":"2022-01-14T17:38:23","guid":{"rendered":"http:\/\/www.fleurus-athletisme.be\/Fleu\/?p=215451"},"modified":"2022-01-14T18:38:23","modified_gmt":"2022-01-14T17:38:23","slug":"championnats-provinciaux-indoor","status":"publish","type":"post","link":"https:\/\/www.fleurus-athletisme.be\/Fleu\/2022\/01\/14\/championnats-provinciaux-indoor\/","title":{"rendered":"Championnats provinciaux indoor"},"content":{"rendered":"<pre>Le week-end dernier, 14 athl\u00e8tes ont fait le d\u00e9placement \u00e0 Louvain-la-Neuve pour les championnats du Hainaut indoor. Ils \u00e9taient accompagn\u00e9s d'Eric et de Christian. Les performances \u00e9taient au rendez-vous pour cette premi\u00e8re indoor pour tous nos athl\u00e8tes et m\u00eame une premi\u00e8re comp\u00e9tition pour certains.<\/pre>\n<p>&nbsp;<\/p>\n<h3><strong>Cadet\/tes<\/strong><\/h3>\n<p><strong>Elsa Chintinne<\/strong> : 2&rsquo;53&Prime;25 sur 800m<\/p>\n<p><strong>Juliette Ballard<\/strong> : 1&rsquo;07&Prime;61 sur 400m<\/p>\n<p><strong>Lou Desmedt<\/strong> : 1&rsquo;17&Prime;15 sur 400m, 1m20 \u00e0 la hauteur &amp; 13&Prime;48 sur 60m haies<\/p>\n<p><strong>Diego Somaschini <\/strong>: 2&rsquo;25&Prime;46<\/p>\n<p><strong>Mathys\u00a0Macaigne<\/strong>\u00a0: 2&rsquo;32&Prime;49<\/p>\n<p>&nbsp;<\/p>\n<h3>Scolaires<\/h3>\n<p><strong>Aline Barbier<\/strong> : 8&Prime;90 sur 60m &amp; 29&Prime;90 sur 200m<\/p>\n<p><strong>Eline Otten<\/strong> : 9&Prime;74 sur 60m<\/p>\n<p><strong>Louise Lorsignol<\/strong> : 2&rsquo;41&Prime;97 sur 800m<\/p>\n<p><strong>Louis Garcia<\/strong> : 9&Prime;65 sur 60m &amp; 24&Prime;86 sur 200m<\/p>\n<p><strong>Constant Nemery<\/strong> : CHAMPION DU HAINAUT sur 800m<\/p>\n<p><strong>Antonin Dewinck<\/strong> : 2&rsquo;18&Prime;43 sur 800m<\/p>\n<p><strong>Baptise Da Re<\/strong> : 2&rsquo;35&Prime;36 sur 800m<\/p>\n<p>&nbsp;<\/p>\n<h3>Junior\/es<\/h3>\n<p><strong>Ana\u00eblle Anciaux<\/strong> : 8&Prime;93 sur 60m &amp; 11&Prime;56 sur 60m haies<\/p>\n<p><strong>Thibaut Bogaerts<\/strong> : 7&Prime;95 sur 60m &amp; 26&Prime;41 sur 200m<\/p>\n<p>&nbsp;<\/p>\n<p>Lors des championnats francophones cadets\/scolaires, ils sont plusieurs \u00e0 avoir \u00e9t\u00e9 s\u00e9lectionn\u00e9s : Elsa, Juliette, Louise, Diego, Mathys, Constant, Antonin et Baptiste.<\/p>\n<p><a href=\"http:\/\/www.fleurus-athletisme.be\/Fleu\/wp-content\/uploads\/2022\/01\/271224958_292773132874342_9217646748339367092_n.jpg\"><img fetchpriority=\"high\" decoding=\"async\" class=\"alignnone size-full wp-image-215452\" src=\"http:\/\/www.fleurus-athletisme.be\/Fleu\/wp-content\/uploads\/2022\/01\/271224958_292773132874342_9217646748339367092_n.jpg\" alt=\"\" width=\"402\" height=\"647\" \/><\/a><\/p>\n","protected":false},"excerpt":{"rendered":"<p>Le week-end dernier, 14 athl\u00e8tes ont fait le d\u00e9placement \u00e0 Louvain-la-Neuve pour les championnats du Hainaut indoor. Ils \u00e9taient accompagn\u00e9s d&rsquo;Eric et de Christian. Les performances \u00e9taient au rendez-vous pour cette premi\u00e8re indoor pour tous nos athl\u00e8tes et m\u00eame une premi\u00e8re comp\u00e9tition pour certains. &nbsp; Cadet\/tes Elsa Chintinne : 2&rsquo;53&Prime;25 sur 800m Juliette Ballard :&#8230;<\/p>\n","protected":false},"author":1,"featured_media":215452,"comment_status":"open","ping_status":"open","sticky":false,"template":"","format":"standard","meta":{"footnotes":""},"categories":[21,23],"tags":[],"class_list":["post-215451","post","type-post","status-publish","format-standard","has-post-thumbnail","hentry","category-championnats","category-competitions"],"_links":{"self":[{"href":"https:\/\/www.fleurus-athletisme.be\/Fleu\/wp-json\/wp\/v2\/posts\/215451","targetHints":{"allow":["GET"]}}],"collection":[{"href":"https:\/\/www.fleurus-athletisme.be\/Fleu\/wp-json\/wp\/v2\/posts"}],"about":[{"href":"https:\/\/www.fleurus-athletisme.be\/Fleu\/wp-json\/wp\/v2\/types\/post"}],"author":[{"embeddable":true,"href":"https:\/\/www.fleurus-athletisme.be\/Fleu\/wp-json\/wp\/v2\/users\/1"}],"replies":[{"embeddable":true,"href":"https:\/\/www.fleurus-athletisme.be\/Fleu\/wp-json\/wp\/v2\/comments?post=215451"}],"version-history":[{"count":0,"href":"https:\/\/www.fleurus-athletisme.be\/Fleu\/wp-json\/wp\/v2\/posts\/215451\/revisions"}],"wp:featuredmedia":[{"embeddable":true,"href":"https:\/\/www.fleurus-athletisme.be\/Fleu\/wp-json\/"}],"wp:attachment":[{"href":"https:\/\/www.fleurus-athletisme.be\/Fleu\/wp-json\/wp\/v2\/media?parent=215451"}],"wp:term":[{"taxonomy":"category","embeddable":true,"href":"https:\/\/www.fleurus-athletisme.be\/Fleu\/wp-json\/wp\/v2\/categories?post=215451"},{"taxonomy":"post_tag","embeddable":true,"href":"https:\/\/www.fleurus-athletisme.be\/Fleu\/wp-json\/wp\/v2\/tags?post=215451"}],"curies":[{"name":"wp","href":"https:\/\/api.w.org\/{rel}","templated":true}]}}