{"id":215386,"date":"2021-11-17T12:11:37","date_gmt":"2021-11-17T11:11:37","guid":{"rendered":"http:\/\/www.fleurus-athletisme.be\/Fleu\/?p=215386"},"modified":"2021-11-17T12:11:37","modified_gmt":"2021-11-17T11:11:37","slug":"resultats-du-week-end-du-1314-novembre","status":"publish","type":"post","link":"https:\/\/www.fleurus-athletisme.be\/Fleu\/2021\/11\/17\/resultats-du-week-end-du-1314-novembre\/","title":{"rendered":"R\u00e9sultats du week-end du 13&amp;14 novembre"},"content":{"rendered":"<pre>Les week-ends se suivent et nos repr\u00e9sentants sont de nouveau pr\u00e9sents en cross, joggings, marathons. Le long week-end en a permis \u00e0 plus d'un de s'illustrer, parfois m\u00eame \u00e0 deux reprises. Voici les derniers r\u00e9sultats en date.<\/pre>\n<h4><strong>JOGGING<\/strong><\/h4>\n<p>Jeudi 11 novembre, c&rsquo;est l&rsquo;Armistice.\u00a0<strong>Lucien Theys<\/strong> a profit\u00e9 de l&rsquo;occasion pour se rendre \u00e0 Monceau pour la course du Ch\u00e2teau, longue de 10 kilom\u00e8tres. Il conclut \u00e0 la 63e place du g\u00e9n\u00e9ral et \u00e0 la neuvi\u00e8me de sa cat\u00e9gorie dans un temps de 44 minutes 53. Dans la m\u00eame cat\u00e9gorie,\u00a0<strong>Pascal Kempeneers<\/strong> se classe 5e en 41&rsquo;02.\u00a0<strong>Jean-Marc Papart<\/strong> r\u00e9alise 46&rsquo;55 et <strong>Claudy Herquin<\/strong>, 49&rsquo;44.<\/p>\n<p><strong>Franck De Nardin <\/strong>r\u00e9alise un temps de 44&rsquo;43. <strong>Jean-Marc Lemaire\u00a0<\/strong>termine quant \u00e0 lui en 47&rsquo;28, un peu devant\u00a0<strong>Michael Paquet\u00a0<\/strong>et ses 48&rsquo;01.<\/p>\n<p>Un podium \u00e9galement \u00e0 mettre \u00e0 l&rsquo;actif de\u00a0<strong>Benoit Schalkwijk<\/strong> qui termine sur la 3e marche en 45&rsquo;18.<\/p>\n<p>Dans la cat\u00e9gorie \u00ab\u00a0senior\u00a0\u00bb,\u00a0<strong>Romain Debroux<\/strong> termine en 50&rsquo;42.<\/p>\n<p>Chez les femmes, <strong>P\u00e9rine\u00a0Brotcorne<\/strong> r\u00e9alise un temps de 57 minutes 20.\u00a0<strong>Carole Demeulemeester<\/strong> termine 2e de sa cat\u00e9gorie en 50 minutes 57. Dans la m\u00eame cat\u00e9gorie, <strong>Erika Moelter<\/strong> conclut en 58&rsquo;03,\u00a0<strong>Sandrine Van Immerseel,<\/strong> 1:00.30 et\u00a0<strong>Isabelle Goncalves<\/strong>, 1:08.19.<\/p>\n<p>Chez les s\u00e9niores, belle performance d&rsquo;Alison Remy qui termine \u00e0 la seconde place en 44&rsquo;53.<\/p>\n<p>Le 14 novembre, <strong>Odrique Kiala<\/strong> a travers\u00e9 la fronti\u00e8re franco-belge pour se rendre \u00e0 Paris, \u00e0 la Bridgestone. Align\u00e9 sur 10 kilom\u00e8tres, il termine \u00e0 une tr\u00e8s belle 44e place dans un temps de 34&rsquo;47.<\/p>\n<p>A la Corrida Maujoise, coup double pour les Fleurusiens sur les 6,8 kilom\u00e8tres. Sur la seconde marche, nous retrouvons\u00a0<strong>Nathan Lindekens<\/strong>. Il boucle le parcours en 24&rsquo;14. Juste devant,\u00a0<strong>Lucien Theys<\/strong> qui termine en 26&rsquo;50.<\/p>\n<h4><\/h4>\n<h4>MARATHON<\/h4>\n<p><strong>Kevin Hannard<\/strong> s&rsquo;est lui aussi rendu en France. En 3h08.56, il termine \u00e0 la 125e place le marathon international de Deauville.<\/p>\n<p>&nbsp;<\/p>\n<h4>CROSS<\/h4>\n<p>Deux cross au programme ce week-end. Le premier se d\u00e9roulait \u00e0 Braine l&rsquo;Alleud o\u00f9 se sont illustr\u00e9s trois fleurusiens.<\/p>\n<p>Nouveau podium pour\u00a0<strong>Gianni Guido<\/strong>, apr\u00e8s sa troisi\u00e8me place \u00e0 Ciney, il monte cette fois-ci sur la seconde marche.<\/p>\n<p>Chez les seniors,\u00a0<strong>Romain Debroux<\/strong> conclut \u00e0 la 21e place tandis que\u00a0<strong>Lorenzo Infantino<\/strong> termine en 39e position.<\/p>\n<p><strong>Yves De Vooght<\/strong> s&rsquo;est quant \u00e0 lui rendu \u00e0 Dour. Sur le parcours long de 6750m, il grimpe sur la troisi\u00e8me marche du podium.<\/p>\n<p>&nbsp;<\/p>\n<p>Si des r\u00e9sultats manquent, n&rsquo;h\u00e9sitez pas \u00e0 nous les communiquer. Cela nous faciliterait la t\u00e2che si vous pouviez prendre deux minutes de votre temps pour remplir ce <a href=\"https:\/\/form.jotform.com\/202373783330048\" target=\"_blank\" rel=\"noopener\">formulaire<\/a> apr\u00e8s vos courses \ud83d\ude42<\/p>\n<p>&nbsp;<\/p>\n<p>&nbsp;<\/p>\n","protected":false},"excerpt":{"rendered":"<p>Les week-ends se suivent et nos repr\u00e9sentants sont de nouveau pr\u00e9sents en cross, joggings, marathons. Le long week-end en a permis \u00e0 plus d&rsquo;un de s&rsquo;illustrer, parfois m\u00eame \u00e0 deux reprises. Voici les derniers r\u00e9sultats en date. JOGGING Jeudi 11 novembre, c&rsquo;est l&rsquo;Armistice.\u00a0Lucien Theys a profit\u00e9 de l&rsquo;occasion pour se rendre \u00e0 Monceau pour la&#8230;<\/p>\n","protected":false},"author":1,"featured_media":215391,"comment_status":"open","ping_status":"open","sticky":false,"template":"","format":"standard","meta":{"footnotes":""},"categories":[1],"tags":[],"class_list":["post-215386","post","type-post","status-publish","format-standard","has-post-thumbnail","hentry","category-non-classe"],"_links":{"self":[{"href":"https:\/\/www.fleurus-athletisme.be\/Fleu\/wp-json\/wp\/v2\/posts\/215386","targetHints":{"allow":["GET"]}}],"collection":[{"href":"https:\/\/www.fleurus-athletisme.be\/Fleu\/wp-json\/wp\/v2\/posts"}],"about":[{"href":"https:\/\/www.fleurus-athletisme.be\/Fleu\/wp-json\/wp\/v2\/types\/post"}],"author":[{"embeddable":true,"href":"https:\/\/www.fleurus-athletisme.be\/Fleu\/wp-json\/wp\/v2\/users\/1"}],"replies":[{"embeddable":true,"href":"https:\/\/www.fleurus-athletisme.be\/Fleu\/wp-json\/wp\/v2\/comments?post=215386"}],"version-history":[{"count":0,"href":"https:\/\/www.fleurus-athletisme.be\/Fleu\/wp-json\/wp\/v2\/posts\/215386\/revisions"}],"wp:featuredmedia":[{"embeddable":true,"href":"https:\/\/www.fleurus-athletisme.be\/Fleu\/wp-json\/"}],"wp:attachment":[{"href":"https:\/\/www.fleurus-athletisme.be\/Fleu\/wp-json\/wp\/v2\/media?parent=215386"}],"wp:term":[{"taxonomy":"category","embeddable":true,"href":"https:\/\/www.fleurus-athletisme.be\/Fleu\/wp-json\/wp\/v2\/categories?post=215386"},{"taxonomy":"post_tag","embeddable":true,"href":"https:\/\/www.fleurus-athletisme.be\/Fleu\/wp-json\/wp\/v2\/tags?post=215386"}],"curies":[{"name":"wp","href":"https:\/\/api.w.org\/{rel}","templated":true}]}}