{"id":215373,"date":"2021-11-09T20:04:19","date_gmt":"2021-11-09T19:04:19","guid":{"rendered":"http:\/\/www.fleurus-athletisme.be\/Fleu\/?p=215373"},"modified":"2021-11-09T20:04:19","modified_gmt":"2021-11-09T19:04:19","slug":"la-saison-des-cross-est-lancee","status":"publish","type":"post","link":"https:\/\/www.fleurus-athletisme.be\/Fleu\/2021\/11\/09\/la-saison-des-cross-est-lancee\/","title":{"rendered":"La saison des cross est lanc\u00e9e"},"content":{"rendered":"<p>Premier week-end de cross, les Fleurusiens \u00e9taient pr\u00e9sents \u00e0 trois d&rsquo;entre eux. Une super pr\u00e9sence pour le club. Retour sur les r\u00e9sultats.<\/p>\n<p>Ils \u00e9taient 5 au MOHA, accompagn\u00e9s de notre coach, Christian Nys.<\/p>\n<p>Chez les benjamins, <strong>Noa Radermecker<\/strong> termine \u00e0 la 25e place. Il a couru 600m.<\/p>\n<p>Nous avions deux repr\u00e9sentantes chez les pupilles. <strong>Thalia Josis<\/strong> boucle les 800m \u00e0 la 15e place. <strong>Zo\u00e9 Radermecker<\/strong> termine quant \u00e0 elle 32e.<\/p>\n<p>Sur le 1000m, chez les minimes,<strong> Eliott Hannecart<\/strong> termine en 35e.<\/p>\n<p>Derni\u00e8re participante en lice au MOHA, <strong>Carine Bourmock<\/strong> termine 5e master.<\/p>\n<p>Deuxi\u00e8me cross dimanche, direction Ciney.<\/p>\n<p><strong>Claudy Herquin<\/strong> termine \u00e0 la 33e du cross-court.\u00a0<strong>Vincent Denayer\u00a0<\/strong>s&rsquo;est \u00e9galement align\u00e9 sur cette distance.<\/p>\n<p>Sur le 3600m, <strong>Aur\u00e9lie Herquin<\/strong> conclut \u00e0 la 9e place en s\u00e9niore. Sur la m\u00eame distance,\u00a0<strong>Erika Moelter<\/strong> termine en 10e place chez les masters.\u00a0<strong>Corinne Demain<\/strong> \u00e9tait aussi \u00e0 l&rsquo;arriv\u00e9e chez les masters.<\/p>\n<p>Chez les hommes, sur cross long, <strong>Lorenzo Infantino<\/strong> finit \u00e0 la 11e place chez les s\u00e9niors tandis que <strong>Gianni Guido<\/strong> termine sur la seconde marche du podium en master.<\/p>\n<p>Pour la premi\u00e8re Cross Cup de l&rsquo;ann\u00e9e, <strong>Lucien Theys<\/strong> et <strong>Pascal Kempeneers<\/strong> se sont rendus sur le parcours de Mol. Ils terminent tous les deux dans le top 10, Lucien \u00e0 la 7e place et Pascal \u00e0 la 10e.<\/p>\n<p>H\u00e2te de vous voir sur les sentiers. Le calendrier hivernal o\u00f9 les entra\u00eeneurs se rendront est sorti. N&rsquo;h\u00e9sitez pas \u00e0 aller voir \ud83d\ude42<\/p>\n<p>&nbsp;<\/p>\n<p>&nbsp;<\/p>\n<p>&nbsp;<\/p>\n<p>&nbsp;<\/p>\n<p>&nbsp;<\/p>\n<p>&nbsp;<\/p>\n<p>&nbsp;<\/p>\n<p>&nbsp;<\/p>\n<p>&nbsp;<\/p>\n<p>&nbsp;<\/p>\n<p>&nbsp;<\/p>\n<p>&nbsp;<\/p>\n<p>&nbsp;<\/p>\n<p>&nbsp;<\/p>\n<p>&nbsp;<\/p>\n<p>&nbsp;<\/p>\n<p>&nbsp;<\/p>\n<p>&nbsp;<\/p>\n<p>&nbsp;<\/p>\n<p>&nbsp;<\/p>\n<p>&nbsp;<\/p>\n<p>&nbsp;<\/p>\n<p>&nbsp;<\/p>\n<p>&nbsp;<\/p>\n<p>&nbsp;<\/p>\n<p>&nbsp;<\/p>\n<p>&nbsp;<\/p>\n<p>&nbsp;<\/p>\n<p>&nbsp;<\/p>\n<p>&nbsp;<\/p>\n<p>&nbsp;<\/p>\n<p>&nbsp;<\/p>\n<p>&nbsp;<\/p>\n<p>&nbsp;<\/p>\n<p>&nbsp;<\/p>\n<p>&nbsp;<\/p>\n<p>&nbsp;<\/p>\n<p>&nbsp;<\/p>\n<p>&nbsp;<\/p>\n<p>&nbsp;<\/p>\n<p>&nbsp;<\/p>\n<p>&nbsp;<\/p>\n<p>&nbsp;<\/p>\n<p>&nbsp;<\/p>\n<p>&nbsp;<\/p>\n<p>&nbsp;<\/p>\n<p>&nbsp;<\/p>\n<p>&nbsp;<\/p>\n<p>&nbsp;<\/p>\n<p>&nbsp;<\/p>\n<p>&nbsp;<\/p>\n<p>&nbsp;<\/p>\n<p>&nbsp;<\/p>\n<p>&nbsp;<\/p>\n<p>&nbsp;<\/p>\n<p>&nbsp;<\/p>\n<p>&nbsp;<\/p>\n<p>&nbsp;<\/p>\n<p>&nbsp;<\/p>\n<p>&nbsp;<\/p>\n<p>&nbsp;<\/p>\n<p>&nbsp;<\/p>\n<p>&nbsp;<\/p>\n<p>&nbsp;<\/p>\n<p>&nbsp;<\/p>\n<p>&nbsp;<\/p>\n<p>&nbsp;<\/p>\n<p>&nbsp;<\/p>\n<p>&nbsp;<\/p>\n<p>&nbsp;<\/p>\n<p>&nbsp;<\/p>\n<p>&nbsp;<\/p>\n<p>&nbsp;<\/p>\n<p>&nbsp;<\/p>\n<p>&nbsp;<\/p>\n<p>&nbsp;<\/p>\n<p>&nbsp;<\/p>\n<p>&nbsp;<\/p>\n<p>&nbsp;<\/p>\n<p>&nbsp;<\/p>\n<p>&nbsp;<\/p>\n<p>&nbsp;<\/p>\n<p>&nbsp;<\/p>\n<p>&nbsp;<\/p>\n<p>&nbsp;<\/p>\n<p>&nbsp;<\/p>\n<p>&nbsp;<\/p>\n<p>&nbsp;<\/p>\n<p>&nbsp;<\/p>\n<p>&nbsp;<\/p>\n<p>&nbsp;<\/p>\n<p>&nbsp;<\/p>\n<p>&nbsp;<\/p>\n<p>&nbsp;<\/p>\n<p>&nbsp;<\/p>\n<p>&nbsp;<\/p>\n<p>&nbsp;<\/p>\n<p>&nbsp;<\/p>\n<p>&nbsp;<\/p>\n<p>&nbsp;<\/p>\n<p>&nbsp;<\/p>\n<p>&nbsp;<\/p>\n<p>&nbsp;<\/p>\n<p>&nbsp;<\/p>\n<p>&nbsp;<\/p>\n<p>&nbsp;<\/p>\n<p>&nbsp;<\/p>\n<p>&nbsp;<\/p>\n<p>&nbsp;<\/p>\n<p>&nbsp;<\/p>\n<p>&nbsp;<\/p>\n<p>&nbsp;<\/p>\n<p>&nbsp;<\/p>\n<p>&nbsp;<\/p>\n<p>&nbsp;<\/p>\n<p>&nbsp;<\/p>\n<p>&nbsp;<\/p>\n<p>&nbsp;<\/p>\n<p>&nbsp;<\/p>\n<p>&nbsp;<\/p>\n<p>&nbsp;<\/p>\n<p>&nbsp;<\/p>\n<p>&nbsp;<\/p>\n<p>&nbsp;<\/p>\n<p>&nbsp;<\/p>\n<p>&nbsp;<\/p>\n<p>&nbsp;<\/p>\n<p>&nbsp;<\/p>\n<p>&nbsp;<\/p>\n<p>&nbsp;<\/p>\n<p>&nbsp;<\/p>\n<p>&nbsp;<\/p>\n<p>&nbsp;<\/p>\n<p>&nbsp;<\/p>\n<p>&nbsp;<\/p>\n<p>&nbsp;<\/p>\n<p>&nbsp;<\/p>\n<p>&nbsp;<\/p>\n<p>&nbsp;<\/p>\n<p>&nbsp;<\/p>\n<p>&nbsp;<\/p>\n<p>&nbsp;<\/p>\n<p>&nbsp;<\/p>\n<p>&nbsp;<\/p>\n<p>&nbsp;<\/p>\n<p>&nbsp;<\/p>\n<p>&nbsp;<\/p>\n<p>&nbsp;<\/p>\n<p>&nbsp;<\/p>\n<p>&nbsp;<\/p>\n<p>&nbsp;<\/p>\n<p>&nbsp;<\/p>\n<p>&nbsp;<\/p>\n<p>&nbsp;<\/p>\n<p>&nbsp;<\/p>\n<p>&nbsp;<\/p>\n<p>&nbsp;<\/p>\n<p>&nbsp;<\/p>\n<p>&nbsp;<\/p>\n<p>&nbsp;<\/p>\n<p>&nbsp;<\/p>\n<p>&nbsp;<\/p>\n<p>&nbsp;<\/p>\n<p>&nbsp;<\/p>\n<p>&nbsp;<\/p>\n<p>&nbsp;<\/p>\n<p>&nbsp;<\/p>\n<p>&nbsp;<\/p>\n<p>&nbsp;<\/p>\n<p>&nbsp;<\/p>\n<p>&nbsp;<\/p>\n<p>&nbsp;<\/p>\n<p>&nbsp;<\/p>\n<p>&nbsp;<\/p>\n<p>&nbsp;<\/p>\n<p>&nbsp;<\/p>\n<p>&nbsp;<\/p>\n<p>&nbsp;<\/p>\n<p>&nbsp;<\/p>\n<p>&nbsp;<\/p>\n<p>&nbsp;<\/p>\n<p>&nbsp;<\/p>\n<p>&nbsp;<\/p>\n<p>&nbsp;<\/p>\n<p>&nbsp;<\/p>\n<p>&nbsp;<\/p>\n<p>&nbsp;<\/p>\n","protected":false},"excerpt":{"rendered":"<p>Premier week-end de cross, les Fleurusiens \u00e9taient pr\u00e9sents \u00e0 trois d&rsquo;entre eux. Une super pr\u00e9sence pour le club. Retour sur les r\u00e9sultats. Ils \u00e9taient 5 au MOHA, accompagn\u00e9s de notre coach, Christian Nys. Chez les benjamins, Noa Radermecker termine \u00e0 la 25e place. Il a couru 600m. Nous avions deux repr\u00e9sentantes chez les pupilles. Thalia&#8230;<\/p>\n","protected":false},"author":1,"featured_media":215376,"comment_status":"open","ping_status":"open","sticky":false,"template":"","format":"standard","meta":{"footnotes":""},"categories":[24],"tags":[],"class_list":["post-215373","post","type-post","status-publish","format-standard","has-post-thumbnail","hentry","category-cross"],"_links":{"self":[{"href":"https:\/\/www.fleurus-athletisme.be\/Fleu\/wp-json\/wp\/v2\/posts\/215373","targetHints":{"allow":["GET"]}}],"collection":[{"href":"https:\/\/www.fleurus-athletisme.be\/Fleu\/wp-json\/wp\/v2\/posts"}],"about":[{"href":"https:\/\/www.fleurus-athletisme.be\/Fleu\/wp-json\/wp\/v2\/types\/post"}],"author":[{"embeddable":true,"href":"https:\/\/www.fleurus-athletisme.be\/Fleu\/wp-json\/wp\/v2\/users\/1"}],"replies":[{"embeddable":true,"href":"https:\/\/www.fleurus-athletisme.be\/Fleu\/wp-json\/wp\/v2\/comments?post=215373"}],"version-history":[{"count":0,"href":"https:\/\/www.fleurus-athletisme.be\/Fleu\/wp-json\/wp\/v2\/posts\/215373\/revisions"}],"wp:featuredmedia":[{"embeddable":true,"href":"https:\/\/www.fleurus-athletisme.be\/Fleu\/wp-json\/"}],"wp:attachment":[{"href":"https:\/\/www.fleurus-athletisme.be\/Fleu\/wp-json\/wp\/v2\/media?parent=215373"}],"wp:term":[{"taxonomy":"category","embeddable":true,"href":"https:\/\/www.fleurus-athletisme.be\/Fleu\/wp-json\/wp\/v2\/categories?post=215373"},{"taxonomy":"post_tag","embeddable":true,"href":"https:\/\/www.fleurus-athletisme.be\/Fleu\/wp-json\/wp\/v2\/tags?post=215373"}],"curies":[{"name":"wp","href":"https:\/\/api.w.org\/{rel}","templated":true}]}}