{"id":215183,"date":"2021-05-16T14:57:54","date_gmt":"2021-05-16T13:57:54","guid":{"rendered":"http:\/\/www.fleurus-athletisme.be\/Fleu\/?p=215183"},"modified":"2021-05-16T14:57:54","modified_gmt":"2021-05-16T13:57:54","slug":"215183","status":"publish","type":"post","link":"https:\/\/www.fleurus-athletisme.be\/Fleu\/2021\/05\/16\/215183\/","title":{"rendered":"Gianni, 4e des LBFA"},"content":{"rendered":"<pre>Retour \u00e0 la comp\u00e9tition pour <strong>Gianni Guido<\/strong> sur 5000m ce samedi lors des championnats LBFA TC. Seuls les 8 meilleurs inscrits pouvaient venir esp\u00e9rer remporter une m\u00e9daille.<\/pre>\n<p>Seul inscrit pour Fleurus, seul repris, Gianni a fait une nouvelle fois honneur aux couleurs du club. Pour sa premi\u00e8re comp\u00e9tition de la saison, il r\u00e9alise un chrono 15&rsquo;47&Prime;52. Si ce temps est loin de son record, il lui permettra de terminer \u00e0 une jolie 4e place.<\/p>\n<p>\u00ab\u00a0<em>Je venais \u00e0 ces championnats sans objectif particulier mais en voulant me faire plaisir.\u00a0\u00bb\u00a0<\/em>Apr\u00e8s un d\u00e9part tr\u00e8s (trop) rapide (1&rsquo;25 au 500m), Gianni l\u00e2che le groupe de t\u00eate et court seul.\u00a0<em>\u00ab\u00a0Il y avait \u00e9norm\u00e9ment de vent, \u00e7a n&rsquo;\u00e9tait vraiment pas facile.\u00a0\u00bb <\/em>Il a tout de m\u00eame rempli sa mission de s&rsquo;amuser. Une premi\u00e8re comp\u00e9tition qui est de bonne augure pour la suite de la saison.<\/p>\n<p>On le retrouvera tr\u00e8s vite dans les prochaines semaines. Apr\u00e8s une saison l&rsquo;ann\u00e9e derni\u00e8re de feu, on esp\u00e8re le meilleur pour Gianni.<\/p>\n","protected":false},"excerpt":{"rendered":"<p>Retour \u00e0 la comp\u00e9tition pour Gianni Guido sur 5000m ce samedi lors des championnats LBFA TC. Seuls les 8 meilleurs inscrits pouvaient venir esp\u00e9rer remporter une m\u00e9daille. Seul inscrit pour Fleurus, seul repris, Gianni a fait une nouvelle fois honneur aux couleurs du club. Pour sa premi\u00e8re comp\u00e9tition de la saison, il r\u00e9alise un chrono&#8230;<\/p>\n","protected":false},"author":1,"featured_media":215184,"comment_status":"open","ping_status":"open","sticky":false,"template":"","format":"standard","meta":{"footnotes":""},"categories":[21,25],"tags":[],"class_list":["post-215183","post","type-post","status-publish","format-standard","has-post-thumbnail","hentry","category-championnats","category-demi-fond"],"_links":{"self":[{"href":"https:\/\/www.fleurus-athletisme.be\/Fleu\/wp-json\/wp\/v2\/posts\/215183","targetHints":{"allow":["GET"]}}],"collection":[{"href":"https:\/\/www.fleurus-athletisme.be\/Fleu\/wp-json\/wp\/v2\/posts"}],"about":[{"href":"https:\/\/www.fleurus-athletisme.be\/Fleu\/wp-json\/wp\/v2\/types\/post"}],"author":[{"embeddable":true,"href":"https:\/\/www.fleurus-athletisme.be\/Fleu\/wp-json\/wp\/v2\/users\/1"}],"replies":[{"embeddable":true,"href":"https:\/\/www.fleurus-athletisme.be\/Fleu\/wp-json\/wp\/v2\/comments?post=215183"}],"version-history":[{"count":0,"href":"https:\/\/www.fleurus-athletisme.be\/Fleu\/wp-json\/wp\/v2\/posts\/215183\/revisions"}],"wp:featuredmedia":[{"embeddable":true,"href":"https:\/\/www.fleurus-athletisme.be\/Fleu\/wp-json\/"}],"wp:attachment":[{"href":"https:\/\/www.fleurus-athletisme.be\/Fleu\/wp-json\/wp\/v2\/media?parent=215183"}],"wp:term":[{"taxonomy":"category","embeddable":true,"href":"https:\/\/www.fleurus-athletisme.be\/Fleu\/wp-json\/wp\/v2\/categories?post=215183"},{"taxonomy":"post_tag","embeddable":true,"href":"https:\/\/www.fleurus-athletisme.be\/Fleu\/wp-json\/wp\/v2\/tags?post=215183"}],"curies":[{"name":"wp","href":"https:\/\/api.w.org\/{rel}","templated":true}]}}