{"id":215133,"date":"2021-04-20T11:14:23","date_gmt":"2021-04-20T10:14:23","guid":{"rendered":"http:\/\/www.fleurus-athletisme.be\/Fleu\/?p=215133"},"modified":"2021-04-20T11:14:23","modified_gmt":"2021-04-20T10:14:23","slug":"challenge-jmebougepourmonclub-magnifique-7e-place","status":"publish","type":"post","link":"https:\/\/www.fleurus-athletisme.be\/Fleu\/2021\/04\/20\/challenge-jmebougepourmonclub-magnifique-7e-place\/","title":{"rendered":"Challenge : Magnifique 7e place"},"content":{"rendered":"<pre>Apr\u00e8s deux semaines de challenge, le club finit \u00e0 <strong>une tr\u00e8s belle 7e place <\/strong>derri\u00e8re des clubs de cyclisme et de triathlon.<\/pre>\n<h3>Record<\/h3>\n<p>Dimanche 04 avril vers midi, moins de 48h avant le d\u00e9but du challenge, celui-ci est d\u00e9j\u00e0 r\u00e9ussi avec plus de 130 participants. Comme lors de la premi\u00e8re \u00e9dition, l&rsquo;objectif n&rsquo;\u00e9tait pas de s&rsquo;arr\u00eater en si bon chemin et de faire exploser le compteur.<\/p>\n<p>Au douzi\u00e8me jour, notre record \u00e9tait battu (13.516 kms). Une nouvelle \u00e9tape de franchie. Tous les voyants ont \u00e9t\u00e9 au vert durant tout le challenge. <strong>278 personnes se sont mobilis\u00e9es<\/strong> pour le club, c&rsquo;est \u00e9norme !!! Merci mille fois \u00e0 tous ceux qui nous ont soutenu et qui ont allum\u00e9 au moins une fois leur Strava car chaque kilom\u00e8tre \u00e9tait important.<\/p>\n<p>Si tous les r\u00e9sultats ne sont pas encore connus, une chose est s\u00fbre nous terminons \u00e0 la <strong>premi\u00e8re place des clubs LBFA<\/strong>. Une place tout \u00e0 fait m\u00e9rit\u00e9e avec 3.000 kilom\u00e8tres suppl\u00e9mentaires sur les seconds. Les chiffres ne sont pas fig\u00e9s mais nous avons termin\u00e9 avec presque <strong>19.000 kilom\u00e8tres. <\/strong>Avec une belle moyenne de 1.000 kilom\u00e8tres par jour, la r\u00e9gularit\u00e9 \u00e9tait de mise. Si les calculs sont bons, nous serions le club ayant accumul\u00e9 <strong>le plus de kilom\u00e8tres \u00e0 pied<\/strong> (marche + course \u00e0 pied) avec un peu plus de 15.000.<\/p>\n<h3>D\u00e9fi<\/h3>\n<p>La derni\u00e8re journ\u00e9e a \u00e9t\u00e9 excellente pour plus d&rsquo;un de nos membres. Andr\u00e9 Lindekens s&rsquo;\u00e9tait en effet lanc\u00e9 dans un d\u00e9fi fou de r\u00e9aliser 5 boucles de 20 kms soit un total de 100 kms en moins de 10h. Il a \u00e9t\u00e9 accompagn\u00e9 toute la journ\u00e9e par une trentaine de personnes qui l&rsquo;ont soutenu et qui ont aliment\u00e9 le plus possible le compteur.<\/p>\n<p>Vous aviez \u00e9galement la possibilit\u00e9 de vous tester sur les 10 kilom\u00e8tres de Saint-Amand tout au long des deux semaines. Vous \u00eates nombreux \u00e0 avoir effectu\u00e9 le parcours \u00e0 plusieurs reprises.<\/p>\n<h3>Prix<\/h3>\n<p>On vous a propos\u00e9 en d\u00e9but de challenge une s\u00e9rie de prix. Il faudra encore attendre un peu pour les r\u00e9sultats finaux. Voici, ici, les top 5 des personnes ayant r\u00e9alis\u00e9s le plus de kilom\u00e8tres.<\/p>\n<p><span style=\"text-decoration: underline;\">FEMMES<\/span><\/p>\n<ol>\n<li><strong>Fanny Jean &#8211; 424,81 kms<\/strong><\/li>\n<li>Charlotte Blavier &#8211; 244,34 kms<\/li>\n<li>Chris Foster &#8211; 201 kms<\/li>\n<li>Coline Balteau &#8211; 197,12 kms<\/li>\n<li>St\u00e9phanie Debelle &#8211; 186,43 kms<\/li>\n<\/ol>\n<p><span style=\"text-decoration: underline;\">HOMMES<\/span><\/p>\n<ol>\n<li><strong>Corenthin Giloteau &#8211; 357,05 kms<\/strong><\/li>\n<li>Gianni Guido &#8211; 297,91 kms<\/li>\n<li>Nicolas Radermecker &#8211; 245,02 kms<\/li>\n<li>Romain Debroux &#8211; 240,88 kms<\/li>\n<li>Jean-Marc Papart &#8211; 236,81 kms<\/li>\n<\/ol>\n<p><strong>Encore merci \u00e0 tous et \u00e0 tr\u00e8s vite pour un nouveau challenge !!<\/strong><\/p>\n","protected":false},"excerpt":{"rendered":"<p>Apr\u00e8s deux semaines de challenge, le club finit \u00e0 une tr\u00e8s belle 7e place derri\u00e8re des clubs de cyclisme et de triathlon. Record Dimanche 04 avril vers midi, moins de 48h avant le d\u00e9but du challenge, celui-ci est d\u00e9j\u00e0 r\u00e9ussi avec plus de 130 participants. Comme lors de la premi\u00e8re \u00e9dition, l&rsquo;objectif n&rsquo;\u00e9tait pas de&#8230;<\/p>\n","protected":false},"author":1,"featured_media":215137,"comment_status":"open","ping_status":"open","sticky":false,"template":"","format":"standard","meta":{"footnotes":""},"categories":[20],"tags":[],"class_list":["post-215133","post","type-post","status-publish","format-standard","has-post-thumbnail","hentry","category-challenge"],"_links":{"self":[{"href":"https:\/\/www.fleurus-athletisme.be\/Fleu\/wp-json\/wp\/v2\/posts\/215133","targetHints":{"allow":["GET"]}}],"collection":[{"href":"https:\/\/www.fleurus-athletisme.be\/Fleu\/wp-json\/wp\/v2\/posts"}],"about":[{"href":"https:\/\/www.fleurus-athletisme.be\/Fleu\/wp-json\/wp\/v2\/types\/post"}],"author":[{"embeddable":true,"href":"https:\/\/www.fleurus-athletisme.be\/Fleu\/wp-json\/wp\/v2\/users\/1"}],"replies":[{"embeddable":true,"href":"https:\/\/www.fleurus-athletisme.be\/Fleu\/wp-json\/wp\/v2\/comments?post=215133"}],"version-history":[{"count":0,"href":"https:\/\/www.fleurus-athletisme.be\/Fleu\/wp-json\/wp\/v2\/posts\/215133\/revisions"}],"wp:featuredmedia":[{"embeddable":true,"href":"https:\/\/www.fleurus-athletisme.be\/Fleu\/wp-json\/"}],"wp:attachment":[{"href":"https:\/\/www.fleurus-athletisme.be\/Fleu\/wp-json\/wp\/v2\/media?parent=215133"}],"wp:term":[{"taxonomy":"category","embeddable":true,"href":"https:\/\/www.fleurus-athletisme.be\/Fleu\/wp-json\/wp\/v2\/categories?post=215133"},{"taxonomy":"post_tag","embeddable":true,"href":"https:\/\/www.fleurus-athletisme.be\/Fleu\/wp-json\/wp\/v2\/tags?post=215133"}],"curies":[{"name":"wp","href":"https:\/\/api.w.org\/{rel}","templated":true}]}}