{"id":215091,"date":"2021-03-22T09:07:01","date_gmt":"2021-03-22T08:07:01","guid":{"rendered":"http:\/\/www.fleurus-athletisme.be\/Fleu\/?p=215091"},"modified":"2021-03-22T09:07:01","modified_gmt":"2021-03-22T08:07:01","slug":"je-me-bouge-pour-mon-club-2-0","status":"publish","type":"post","link":"https:\/\/www.fleurus-athletisme.be\/Fleu\/2021\/03\/22\/je-me-bouge-pour-mon-club-2-0\/","title":{"rendered":"Je me bouge pour mon club 2.0"},"content":{"rendered":"<p>Une toute nouvelle \u00e9dition du challenge \u00ab\u00a0Je me bouge pour mon club\u00a0\u00bb arrive. D\u00e8s aujourd&rsquo;hui, vous pouvez vous inscrire et choisir votre club de coeur \u00ab\u00a0Fleurus Athl\u00e9tisme\u00a0\u00bb via ce <strong><a href=\"https:\/\/prod.chronorace.be\/VirtualChallenge\/1000Bornes\/SoutienClub.aspx?chal=38&amp;c=1689&amp;eventId=1188112508252308&amp;hash=h0GM_nzpBCULSXd2cvPLMXWG2lY\" target=\"_blank\" rel=\"noopener\">LIEN<\/a>.<\/strong><\/p>\n<p>Pour cette seconde \u00e9dition, la possibilit\u00e9 de faire des kilom\u00e8tres \u00e0 v\u00e9lo et \u00e0 la nage a \u00e9t\u00e9 ajout\u00e9e aux sports d\u00e9j\u00e0 comptabilis\u00e9s lors de la premi\u00e8re \u00e9dition, la marche et la course \u00e0 pied.<\/p>\n<p>Nous restons sur une magnifique 2e place et nous ferons tout pour r\u00e9it\u00e9rer une place dans le haut du classement mais pour cela, on a besoin de vous.<\/p>\n<p>Les ma\u00eetres mots \u00ab\u00a0coh\u00e9sion\u00a0\u00bb et \u00ab\u00a0solidarit\u00e9\u00a0\u00bb seront une nouvelle fois de sortie pour faire exploser le compteur du club.<\/p>\n<p>Rappel : le challenge est ouvert \u00e0 tous. Vous ne devez pas forc\u00e9ment faire partie du club pour le soutenir. Motivez vos amis, familles, tous vos proches \u00e0 nous soutenir \ud83d\ude42<\/p>\n<p>Foncez vous inscrire et tenez vous pr\u00eat \u00e0 encha\u00eener les kilom\u00e8tres du 3 au 18 avril.<\/p>\n","protected":false},"excerpt":{"rendered":"<p>Une toute nouvelle \u00e9dition du challenge \u00ab\u00a0Je me bouge pour mon club\u00a0\u00bb arrive. D\u00e8s aujourd&rsquo;hui, vous pouvez vous inscrire et choisir votre club de coeur \u00ab\u00a0Fleurus Athl\u00e9tisme\u00a0\u00bb via ce LIEN. Pour cette seconde \u00e9dition, la possibilit\u00e9 de faire des kilom\u00e8tres \u00e0 v\u00e9lo et \u00e0 la nage a \u00e9t\u00e9 ajout\u00e9e aux sports d\u00e9j\u00e0 comptabilis\u00e9s lors de&#8230;<\/p>\n","protected":false},"author":1,"featured_media":215087,"comment_status":"open","ping_status":"open","sticky":false,"template":"","format":"standard","meta":{"footnotes":""},"categories":[1],"tags":[],"class_list":["post-215091","post","type-post","status-publish","format-standard","has-post-thumbnail","hentry","category-non-classe"],"_links":{"self":[{"href":"https:\/\/www.fleurus-athletisme.be\/Fleu\/wp-json\/wp\/v2\/posts\/215091","targetHints":{"allow":["GET"]}}],"collection":[{"href":"https:\/\/www.fleurus-athletisme.be\/Fleu\/wp-json\/wp\/v2\/posts"}],"about":[{"href":"https:\/\/www.fleurus-athletisme.be\/Fleu\/wp-json\/wp\/v2\/types\/post"}],"author":[{"embeddable":true,"href":"https:\/\/www.fleurus-athletisme.be\/Fleu\/wp-json\/wp\/v2\/users\/1"}],"replies":[{"embeddable":true,"href":"https:\/\/www.fleurus-athletisme.be\/Fleu\/wp-json\/wp\/v2\/comments?post=215091"}],"version-history":[{"count":0,"href":"https:\/\/www.fleurus-athletisme.be\/Fleu\/wp-json\/wp\/v2\/posts\/215091\/revisions"}],"wp:featuredmedia":[{"embeddable":true,"href":"https:\/\/www.fleurus-athletisme.be\/Fleu\/wp-json\/"}],"wp:attachment":[{"href":"https:\/\/www.fleurus-athletisme.be\/Fleu\/wp-json\/wp\/v2\/media?parent=215091"}],"wp:term":[{"taxonomy":"category","embeddable":true,"href":"https:\/\/www.fleurus-athletisme.be\/Fleu\/wp-json\/wp\/v2\/categories?post=215091"},{"taxonomy":"post_tag","embeddable":true,"href":"https:\/\/www.fleurus-athletisme.be\/Fleu\/wp-json\/wp\/v2\/tags?post=215091"}],"curies":[{"name":"wp","href":"https:\/\/api.w.org\/{rel}","templated":true}]}}